{"id":1865,"date":"2025-10-13T10:40:30","date_gmt":"2025-10-13T16:40:30","guid":{"rendered":"https:\/\/agridulcenoticias.com\/?p=1865"},"modified":"2025-10-13T10:40:31","modified_gmt":"2025-10-13T16:40:31","slug":"enfrenta-sheinbaum-reclamos-en-poza-rica","status":"publish","type":"post","link":"https:\/\/agridulcenoticias.com\/index.php\/2025\/10\/13\/enfrenta-sheinbaum-reclamos-en-poza-rica\/","title":{"rendered":"Enfrenta Sheinbaum reclamos en Poza Rica"},"content":{"rendered":"\n<p>Se\u00f1al\u00f3 que llevaban tres d\u00edas bajo el agua y que hasta ahora se aprecia la ayuda oficial.<\/p>\n\n\n\n<p>La presidenta de M\u00e9xico, Claudia Sheinbaum, realiz\u00f3 recorridos por Poza Rica, Veracruz, donde inform\u00f3 a la poblaci\u00f3n trabajos que se est\u00e1n realizando.<\/p>\n\n\n\n<p>La presidenta recorri\u00f3 colonias en un veh\u00edculo del Ej\u00e9rcito, alrededor del que se congregaron vecinos para escuchar la informaci\u00f3n.<\/p>\n\n\n\n<p>En videos difundidos en redes se aprecia que Sheinbaum Pardo enfrent\u00f3 reclamos de vecinos en al menos dos ocasiones.<\/p>\n\n\n\n<p>Las personas reclamaban presuntas fallas en el sistema de Protecci\u00f3n Civil; un hombre se\u00f1al\u00f3 que no se cancelaron clases a tiempo y que las alertas llegaron de forma tard\u00eda.<\/p>\n\n\n\n<p>Se\u00f1al\u00f3 que llevaban tres d\u00edas bajo el agua y que hasta ahora se aprecia la ayuda oficial.<\/p>\n\n\n\n<p>La presidenta Sheinbaum escuch\u00f3 los reclamos y adelant\u00f3 que se revisar\u00e1 la actuaci\u00f3n de las autoridades, pero adelant\u00f3 que llovi\u00f3 m\u00e1s de lo proyectado.<\/p>\n\n\n\n<p>En diversos momentos pidi\u00f3 a la poblaci\u00f3n guardar silencio para poder entablar el di\u00e1logo.<\/p>\n","protected":false},"excerpt":{"rendered":"<p>Se\u00f1al\u00f3 que llevaban tres d\u00edas bajo el agua y que hasta ahora se aprecia la&#8230;<\/p>\n","protected":false},"author":1,"featured_media":1866,"comment_status":"open","ping_status":"closed","sticky":false,"template":"","format":"standard","meta":{"footnotes":""},"categories":[14],"tags":[],"class_list":["post-1865","post","type-post","status-publish","format-standard","has-post-thumbnail","hentry","category-nacional"],"_links":{"self":[{"href":"https:\/\/agridulcenoticias.com\/index.php\/wp-json\/wp\/v2\/posts\/1865","targetHints":{"allow":["GET"]}}],"collection":[{"href":"https:\/\/agridulcenoticias.com\/index.php\/wp-json\/wp\/v2\/posts"}],"about":[{"href":"https:\/\/agridulcenoticias.com\/index.php\/wp-json\/wp\/v2\/types\/post"}],"author":[{"embeddable":true,"href":"https:\/\/agridulcenoticias.com\/index.php\/wp-json\/wp\/v2\/users\/1"}],"replies":[{"embeddable":true,"href":"https:\/\/agridulcenoticias.com\/index.php\/wp-json\/wp\/v2\/comments?post=1865"}],"version-history":[{"count":1,"href":"https:\/\/agridulcenoticias.com\/index.php\/wp-json\/wp\/v2\/posts\/1865\/revisions"}],"predecessor-version":[{"id":1867,"href":"https:\/\/agridulcenoticias.com\/index.php\/wp-json\/wp\/v2\/posts\/1865\/revisions\/1867"}],"wp:featuredmedia":[{"embeddable":true,"href":"https:\/\/agridulcenoticias.com\/index.php\/wp-json\/wp\/v2\/media\/1866"}],"wp:attachment":[{"href":"https:\/\/agridulcenoticias.com\/index.php\/wp-json\/wp\/v2\/media?parent=1865"}],"wp:term":[{"taxonomy":"category","embeddable":true,"href":"https:\/\/agridulcenoticias.com\/index.php\/wp-json\/wp\/v2\/categories?post=1865"},{"taxonomy":"post_tag","embeddable":true,"href":"https:\/\/agridulcenoticias.com\/index.php\/wp-json\/wp\/v2\/tags?post=1865"}],"curies":[{"name":"wp","href":"https:\/\/api.w.org\/{rel}","templated":true}]}}