{"id":1883,"date":"2025-10-14T11:02:28","date_gmt":"2025-10-14T17:02:28","guid":{"rendered":"https:\/\/agridulcenoticias.com\/?p=1883"},"modified":"2025-10-14T11:02:30","modified_gmt":"2025-10-14T17:02:30","slug":"trabajadores-del-servicio-de-administracion-tributaria-sat-llamaron-a-un-paro-nacional-para-mejorar-salarios-y-condiciones-laborales","status":"publish","type":"post","link":"https:\/\/agridulcenoticias.com\/index.php\/2025\/10\/14\/trabajadores-del-servicio-de-administracion-tributaria-sat-llamaron-a-un-paro-nacional-para-mejorar-salarios-y-condiciones-laborales\/","title":{"rendered":"Trabajadores del Servicio de Administraci\u00f3n Tributaria (SAT) llamaron a un paro nacional para mejorar salarios y condiciones laborales"},"content":{"rendered":"\n<p>Este martes 14 de octubre de 2025 trabajadores del Servicio de Administraci\u00f3n Tributaria (SAT) llevar\u00e1n a cabo un paro nacional a partir de las 08:00 h,<\/p>\n\n\n\n<p>Lo anterior se debe ante la falta de un incremento salarial y condiciones laborales deficientes, tales como largas jornadas de trabajo.<\/p>\n\n\n\n<p>Dicha protesta laboral se realizar\u00e1 bajo la modalidad pac\u00edfica de \u201cbrazos ca\u00eddos\u201d, lo que significa que ser\u00e1 en sus lugares de trabajo, por lo que llevar\u00e1n vestimenta en color negro o rojo.<\/p>\n\n\n\n<p>Los trabajadores del SAT exigen que se aplique el incremento de 12 por ciento efectuado al salario m\u00ednimo general vigente desde el 1 de enero de 2025, lo que eleva el salario diario general a 278.80 pesos.<\/p>\n\n\n\n<p>En pliego petitorio, detallaron que sus condiciones laborales se han deteriorado y exigieron a las autoridades prestar \u201catenci\u00f3n a las necesidades del personal\u201d, adem\u00e1s del estado f\u00edsico en el que se encuentran los inmuebles e instalaciones del \u00f3rgano desconcentrado de la Secretar\u00eda de Hacienda y Cr\u00e9dito P\u00fablico (SHCP).<\/p>\n\n\n\n<p>En la Ciudad de M\u00e9xico, se prev\u00e9 que las siguientes oficinas no dar\u00e1n servicio a partir de las 08:00 h de este martes 14 de octubre:<\/p>\n\n\n\n<p>M\u00f3dulo del Valle: F\u00e9lix Cuevas 301, colonia Del Valle, Benito Ju\u00e1rez.<\/p>\n\n\n\n<p>M\u00f3dulo Distrito Federal 1: Bah\u00eda de Santa B\u00e1rbara 23, colonia Ver\u00f3nica Anzures, Miguel Hidalgo.<\/p>\n\n\n\n<p>M\u00f3dulo Distrito Federal 2: Avenida Paseo de la Reforma Norte 10, colonia Tabacalera, Cuauht\u00e9moc.<\/p>\n\n\n\n<p>M\u00f3dulo Distrito Federal 3: Viaducto R\u00edo de la Piedad 507, colonia Granjas M\u00e9xico, Iztacalco.<\/p>\n\n\n\n<p>M\u00f3dulo Distrito Federal 4: Avenida San Lorenzo 104, colonia San Lorenzo la Cebada, Xochimilco.<\/p>\n\n\n\n<p>M\u00f3dulo Oasis: Avenida Miguel \u00c1ngel de Quevedo 227, colonia Romero de Terreros, Coyoac\u00e1n.<\/p>\n\n\n\n<p>Autoridades de la Ciudad de M\u00e9xico no descartaron que los trabajadores del Servicio de Administraci\u00f3n Tributaria lleven a cabo el bloqueo de vialidad en las vialidades inmediatas a sus oficinas.<\/p>\n\n\n\n<p>Hasta el momento, ninguna autoridad del Gobierno de M\u00e9xico no ha dado un posicionamiento este paro nacional.<\/p>\n","protected":false},"excerpt":{"rendered":"<p>Este martes 14 de octubre de 2025 trabajadores del Servicio de Administraci\u00f3n Tributaria (SAT) llevar\u00e1n&#8230;<\/p>\n","protected":false},"author":1,"featured_media":1884,"comment_status":"open","ping_status":"closed","sticky":false,"template":"","format":"standard","meta":{"footnotes":""},"categories":[14],"tags":[],"class_list":["post-1883","post","type-post","status-publish","format-standard","has-post-thumbnail","hentry","category-nacional"],"_links":{"self":[{"href":"https:\/\/agridulcenoticias.com\/index.php\/wp-json\/wp\/v2\/posts\/1883","targetHints":{"allow":["GET"]}}],"collection":[{"href":"https:\/\/agridulcenoticias.com\/index.php\/wp-json\/wp\/v2\/posts"}],"about":[{"href":"https:\/\/agridulcenoticias.com\/index.php\/wp-json\/wp\/v2\/types\/post"}],"author":[{"embeddable":true,"href":"https:\/\/agridulcenoticias.com\/index.php\/wp-json\/wp\/v2\/users\/1"}],"replies":[{"embeddable":true,"href":"https:\/\/agridulcenoticias.com\/index.php\/wp-json\/wp\/v2\/comments?post=1883"}],"version-history":[{"count":1,"href":"https:\/\/agridulcenoticias.com\/index.php\/wp-json\/wp\/v2\/posts\/1883\/revisions"}],"predecessor-version":[{"id":1885,"href":"https:\/\/agridulcenoticias.com\/index.php\/wp-json\/wp\/v2\/posts\/1883\/revisions\/1885"}],"wp:featuredmedia":[{"embeddable":true,"href":"https:\/\/agridulcenoticias.com\/index.php\/wp-json\/wp\/v2\/media\/1884"}],"wp:attachment":[{"href":"https:\/\/agridulcenoticias.com\/index.php\/wp-json\/wp\/v2\/media?parent=1883"}],"wp:term":[{"taxonomy":"category","embeddable":true,"href":"https:\/\/agridulcenoticias.com\/index.php\/wp-json\/wp\/v2\/categories?post=1883"},{"taxonomy":"post_tag","embeddable":true,"href":"https:\/\/agridulcenoticias.com\/index.php\/wp-json\/wp\/v2\/tags?post=1883"}],"curies":[{"name":"wp","href":"https:\/\/api.w.org\/{rel}","templated":true}]}}