{"id":1895,"date":"2025-10-14T21:49:00","date_gmt":"2025-10-15T03:49:00","guid":{"rendered":"https:\/\/agridulcenoticias.com\/?p=1895"},"modified":"2025-10-15T09:51:10","modified_gmt":"2025-10-15T15:51:10","slug":"venezuela-pone-a-disposicion-de-mexico-su-fuerza-de-tarea-humanitaria-tras-fuertes-lluvias","status":"publish","type":"post","link":"https:\/\/agridulcenoticias.com\/index.php\/2025\/10\/14\/venezuela-pone-a-disposicion-de-mexico-su-fuerza-de-tarea-humanitaria-tras-fuertes-lluvias\/","title":{"rendered":"Venezuela pone a disposici\u00f3n de M\u00e9xico su fuerza de tarea humanitaria tras fuertes lluvias"},"content":{"rendered":"\n<p><a><\/a>Venezuela ofreci\u00f3 a M\u00e9xico la Fuerza de Tarea Humanitaria Sim\u00f3n Bol\u00edvar para buscar a 65 desaparecidos tras las lluvias<\/p>\n\n\n\n<p>octubre 14, 2025<\/p>\n\n\n\n<p>El Gobierno de Venezuela puso este martes a disposici\u00f3n de M\u00e9xico la Fuerza de Tarea Humanitaria Sim\u00f3n Bol\u00edvar para las labores de b\u00fasqueda y rescate de 65 personas desaparecidas tras las torrenciales lluvias que azotaron el centro de ese pa\u00eds y que dejaron miles de damnificados y graves afectaciones en viviendas, negocios e infraestructura.<\/p>\n\n\n\n<p>A trav\u00e9s de un comunicado, la Canciller\u00eda indic\u00f3 que la Fuerza de Tarea Humanitaria tambi\u00e9n puede facilitar las operaciones que realizan las autoridades mexicanas para atender a los damnificados.<\/p>\n\n\n\n<p>El Ejecutivo de Nicol\u00e1s Maduro reiter\u00f3 su \u201csolidaridad inquebrantable\u201d e indic\u00f3 que conf\u00eda en la \u201cfortaleza y resiliencia del honorable pueblo mexicano para superar esta lamentable situaci\u00f3n\u201d.<\/p>\n\n\n\n<p>Asimismo, expres\u00f3 sus m\u00e1s sentidas condolencias a los familiares de los 64 fallecidos por estas fuertes lluvias en M\u00e9xico.<\/p>\n\n\n\n<p>Hasta el momento, reportes oficiales informaron de 64 personas fallecidas y 65 desaparecidas, despu\u00e9s de las lluvias torrenciales que azotaron el centro de M\u00e9xico del 6 al 9 de octubre y que afectaron a 111 municipios.<\/p>\n\n\n\n<p>Las fuertes precipitaciones, ocasionadas por los huracanes Raymond y Priscilla, en el Pac\u00edfico, en confluencia con varios sistemas en el Golfo de M\u00e9xico, dejaron m\u00e1s de mil 800 mil\u00edmetros (mm) de lluvia en los estados de Veracruz, Hidalgo, Puebla, Quer\u00e9taro y San Luis Potos\u00ed.<\/p>\n\n\n\n<p>Es decir, en solo cuatro d\u00edas se registr\u00f3 una cantidad comparable a la mitad del promedio anual de lluvias en esas regiones.<\/p>\n","protected":false},"excerpt":{"rendered":"<p>Venezuela ofreci\u00f3 a M\u00e9xico la Fuerza de Tarea Humanitaria Sim\u00f3n Bol\u00edvar para buscar a 65&#8230;<\/p>\n","protected":false},"author":1,"featured_media":1896,"comment_status":"open","ping_status":"closed","sticky":false,"template":"","format":"standard","meta":{"footnotes":""},"categories":[15],"tags":[],"class_list":["post-1895","post","type-post","status-publish","format-standard","has-post-thumbnail","hentry","category-internacional"],"_links":{"self":[{"href":"https:\/\/agridulcenoticias.com\/index.php\/wp-json\/wp\/v2\/posts\/1895","targetHints":{"allow":["GET"]}}],"collection":[{"href":"https:\/\/agridulcenoticias.com\/index.php\/wp-json\/wp\/v2\/posts"}],"about":[{"href":"https:\/\/agridulcenoticias.com\/index.php\/wp-json\/wp\/v2\/types\/post"}],"author":[{"embeddable":true,"href":"https:\/\/agridulcenoticias.com\/index.php\/wp-json\/wp\/v2\/users\/1"}],"replies":[{"embeddable":true,"href":"https:\/\/agridulcenoticias.com\/index.php\/wp-json\/wp\/v2\/comments?post=1895"}],"version-history":[{"count":1,"href":"https:\/\/agridulcenoticias.com\/index.php\/wp-json\/wp\/v2\/posts\/1895\/revisions"}],"predecessor-version":[{"id":1897,"href":"https:\/\/agridulcenoticias.com\/index.php\/wp-json\/wp\/v2\/posts\/1895\/revisions\/1897"}],"wp:featuredmedia":[{"embeddable":true,"href":"https:\/\/agridulcenoticias.com\/index.php\/wp-json\/wp\/v2\/media\/1896"}],"wp:attachment":[{"href":"https:\/\/agridulcenoticias.com\/index.php\/wp-json\/wp\/v2\/media?parent=1895"}],"wp:term":[{"taxonomy":"category","embeddable":true,"href":"https:\/\/agridulcenoticias.com\/index.php\/wp-json\/wp\/v2\/categories?post=1895"},{"taxonomy":"post_tag","embeddable":true,"href":"https:\/\/agridulcenoticias.com\/index.php\/wp-json\/wp\/v2\/tags?post=1895"}],"curies":[{"name":"wp","href":"https:\/\/api.w.org\/{rel}","templated":true}]}}