{"id":1898,"date":"2025-10-14T21:51:00","date_gmt":"2025-10-15T03:51:00","guid":{"rendered":"https:\/\/agridulcenoticias.com\/?p=1898"},"modified":"2025-10-15T09:52:33","modified_gmt":"2025-10-15T15:52:33","slug":"anuncian-la-copa-messi-torneo-que-reunira-a-canteras-elite-del-futbol","status":"publish","type":"post","link":"https:\/\/agridulcenoticias.com\/index.php\/2025\/10\/14\/anuncian-la-copa-messi-torneo-que-reunira-a-canteras-elite-del-futbol\/","title":{"rendered":"Anuncian la \u2018Copa Messi\u2019, torneo que reunir\u00e1 a canteras \u00e9lite del futbol"},"content":{"rendered":"\n<p><a><\/a>El astro argentino apunt\u00f3 en sus redes sociales que la Copa Messi tendr\u00e1 como sede la ciudad de Miami, Florida<\/p>\n\n\n\n<p>octubre 14, 2025<\/p>\n\n\n\n<p>El argentino Lionel Messi anunci\u00f3 que el pr\u00f3ximo diciembre se realizar\u00e1 la Copa Messi, un torneo que reunir\u00e1 a ocho de las mejores canteras del futbol mundial.<\/p>\n\n\n\n<p>Desde su cuenta en Instagram, el astro argentino apunt\u00f3 que la Copa Messi tendr\u00e1 como sede la ciudad de Miami, Florida.<\/p>\n\n\n\n<p>\u201cPor fin puedo contarles que en diciembre se viene un torneo muy especial de j\u00f3venes promesas en Miami, con varios de los mejores clubes del mundo. Y adem\u00e1s va a haber muchas m\u00e1s actividades esos d\u00edas. \u00a1Espero que les guste!\u201d, inform\u00f3 el astro argentino a trav\u00e9s de Instagram.<\/p>\n\n\n\n<p>Los equipos Sub 16 del FC Barcelona, Atl\u00e9tico de Madrid, Manchester City, River Plate, Inter de Mil\u00e1n, Newell\u2019s Old Boys, Chelsea e Inter Miami ser\u00e1n los participantes en la primera edici\u00f3n de la competencia, que se celebrar\u00e1 en Miami del 9 al 14 de diciembre.<\/p>\n\n\n\n<p>Los encuentros tendr\u00e1n lugar en las instalaciones del Inter Miami, incluido el Chase Stadium y el Florida Blue Training Center, seg\u00fan indic\u00f3 el club de Florida, donde milita Messi.<\/p>\n\n\n\n<p>Los ocho equipos quedar\u00e1n divididos en dos grupos y jugar\u00e1n un m\u00ednimo de tres partidos contra el resto de integrantes de su liguilla. Tras ello se disputar\u00e1 la fase de eliminatorias para coronar al campe\u00f3n de la edici\u00f3n inaugural.<\/p>\n\n\n\n<p>La final, as\u00ed como el partido por el tercer y cuarto puesto, se jugar\u00e1n el \u00faltimo d\u00eda en el Chase Stadium, donde el Inter Miami disputa sus partidos como local.<\/p>\n","protected":false},"excerpt":{"rendered":"<p>El astro argentino apunt\u00f3 en sus redes sociales que la Copa Messi tendr\u00e1 como sede&#8230;<\/p>\n","protected":false},"author":1,"featured_media":1899,"comment_status":"open","ping_status":"closed","sticky":false,"template":"","format":"standard","meta":{"footnotes":""},"categories":[6],"tags":[],"class_list":["post-1898","post","type-post","status-publish","format-standard","has-post-thumbnail","hentry","category-deportes"],"_links":{"self":[{"href":"https:\/\/agridulcenoticias.com\/index.php\/wp-json\/wp\/v2\/posts\/1898","targetHints":{"allow":["GET"]}}],"collection":[{"href":"https:\/\/agridulcenoticias.com\/index.php\/wp-json\/wp\/v2\/posts"}],"about":[{"href":"https:\/\/agridulcenoticias.com\/index.php\/wp-json\/wp\/v2\/types\/post"}],"author":[{"embeddable":true,"href":"https:\/\/agridulcenoticias.com\/index.php\/wp-json\/wp\/v2\/users\/1"}],"replies":[{"embeddable":true,"href":"https:\/\/agridulcenoticias.com\/index.php\/wp-json\/wp\/v2\/comments?post=1898"}],"version-history":[{"count":1,"href":"https:\/\/agridulcenoticias.com\/index.php\/wp-json\/wp\/v2\/posts\/1898\/revisions"}],"predecessor-version":[{"id":1900,"href":"https:\/\/agridulcenoticias.com\/index.php\/wp-json\/wp\/v2\/posts\/1898\/revisions\/1900"}],"wp:featuredmedia":[{"embeddable":true,"href":"https:\/\/agridulcenoticias.com\/index.php\/wp-json\/wp\/v2\/media\/1899"}],"wp:attachment":[{"href":"https:\/\/agridulcenoticias.com\/index.php\/wp-json\/wp\/v2\/media?parent=1898"}],"wp:term":[{"taxonomy":"category","embeddable":true,"href":"https:\/\/agridulcenoticias.com\/index.php\/wp-json\/wp\/v2\/categories?post=1898"},{"taxonomy":"post_tag","embeddable":true,"href":"https:\/\/agridulcenoticias.com\/index.php\/wp-json\/wp\/v2\/tags?post=1898"}],"curies":[{"name":"wp","href":"https:\/\/api.w.org\/{rel}","templated":true}]}}