{"id":1922,"date":"2025-10-16T18:12:04","date_gmt":"2025-10-17T00:12:04","guid":{"rendered":"https:\/\/agridulcenoticias.com\/?p=1922"},"modified":"2025-10-16T18:12:05","modified_gmt":"2025-10-17T00:12:05","slug":"convoca-tamaulipas-participar-en-el-concurso-de-catrinas-y-catrines-almas-tamaulipecas","status":"publish","type":"post","link":"https:\/\/agridulcenoticias.com\/index.php\/2025\/10\/16\/convoca-tamaulipas-participar-en-el-concurso-de-catrinas-y-catrines-almas-tamaulipecas\/","title":{"rendered":"Convoca Tamaulipas participar en el concurso de catrinas y catrines \u201cAlmas Tamaulipecas\u201d"},"content":{"rendered":"\n<p>Buscando resaltar las tradiciones mexicanas en torno al D\u00eda de Muertos, la convocatoria va dirigida a personas de 20 a\u00f1os en adelante, residentes de todos los municipios tamaulipecos<\/p>\n\n\n\n<p>CIUDAD VICTORIA, TAMPS. El Gobierno del Estado de Tamaulipas, el Sistema DIF Tamaulipas y la Secretar\u00eda de Bienestar Social, a trav\u00e9s del Instituto Tamaulipeco para la Cultura y las Artes (ITCA) lanzan una nueva edici\u00f3n del Concurso de Catrinas y Catrines, esta vez enfocado en el orgullo de ser tamaulipeco.<\/p>\n\n\n\n<p>\u201cEste concurso representa la oportunidad de expresar y difundir nuestro patrimonio inmaterial a todas y todos los tamaulipecos, a trav\u00e9s de nuestras tradiciones como mexicanos. Por ello, comprometidos con la visi\u00f3n del gobernador Am\u00e9rico Villarreal para enaltecer nuestras ra\u00edces tamaulipecas, en esta ocasi\u00f3n la convocatoria pide representar esa identidad a trav\u00e9s de la creatividad en la caracterizaci\u00f3n\u201d, coment\u00f3 el director general del ITCA, H\u00e9ctor Romero- Lecanda.<\/p>\n\n\n\n<p>Esta convocatoria est\u00e1 destinada a personas mayores de 20 a\u00f1os que residan en el estado, quienes ser\u00e1n calificados por su creatividad y originalidad, maquillaje y caracterizaci\u00f3n, desenvolvimiento esc\u00e9nico y por supuesto, el uso de elementos identitarios de Tamaulipas, que pueden incluir aspectos de personajes, tradiciones, indumentaria, patrimonio y naturaleza.<\/p>\n\n\n\n<p>\u201cTamaulipas es rico en diversidad cultural e hist\u00f3rica, por ello esperamos que se inscriban personas de los diferentes municipios, como una forma de exponer el gran mosaico de tradiciones que se re\u00fanen en nuestro territorio\u201d, agreg\u00f3 Romero- Lecanda.<\/p>\n\n\n\n<p>Adem\u00e1s de formar parte de uno de los eventos culturales m\u00e1s representativos en la capital tamaulipeca, los concursantes podr\u00e1n ser acreedores a tres premios: $30 mil, $20 mil y $10 mil pesos para el primero, segundo y tercer lugar respectivamente.<\/p>\n\n\n\n<p>Las inscripciones para \u2018Almas Tamaulipecas\u2019 deben hacerse en la Direcci\u00f3n de Patrimonio Cultural e Hist\u00f3rico del Instituto Tamaulipeco para la Cultura y las Artes, ubicado en el edificio gubernamental \u2018Tiempo nuevo\u2019, o bien, en l\u00ednea a trav\u00e9s del formulario que se incluye en la convocatoria, la cual cierra el 26 de octubre del presente a\u00f1o y se encuentra disponible en el siguiente enlace: https:\/\/tinyurl.com\/6mzftsrv y en las redes sociales de ITCA Tamaulipas.<\/p>\n\n\n\n<p>Para mayores informes pueden escribir al correo:<\/p>\n\n\n\n<p>itca.patrimoniocultural@tamaulipas.gob.mx<\/p>\n","protected":false},"excerpt":{"rendered":"<p>Buscando resaltar las tradiciones mexicanas en torno al D\u00eda de Muertos, la convocatoria va dirigida&#8230;<\/p>\n","protected":false},"author":1,"featured_media":1923,"comment_status":"open","ping_status":"closed","sticky":false,"template":"","format":"standard","meta":{"footnotes":""},"categories":[5],"tags":[],"class_list":["post-1922","post","type-post","status-publish","format-standard","has-post-thumbnail","hentry","category-tamaulipas"],"_links":{"self":[{"href":"https:\/\/agridulcenoticias.com\/index.php\/wp-json\/wp\/v2\/posts\/1922","targetHints":{"allow":["GET"]}}],"collection":[{"href":"https:\/\/agridulcenoticias.com\/index.php\/wp-json\/wp\/v2\/posts"}],"about":[{"href":"https:\/\/agridulcenoticias.com\/index.php\/wp-json\/wp\/v2\/types\/post"}],"author":[{"embeddable":true,"href":"https:\/\/agridulcenoticias.com\/index.php\/wp-json\/wp\/v2\/users\/1"}],"replies":[{"embeddable":true,"href":"https:\/\/agridulcenoticias.com\/index.php\/wp-json\/wp\/v2\/comments?post=1922"}],"version-history":[{"count":1,"href":"https:\/\/agridulcenoticias.com\/index.php\/wp-json\/wp\/v2\/posts\/1922\/revisions"}],"predecessor-version":[{"id":1924,"href":"https:\/\/agridulcenoticias.com\/index.php\/wp-json\/wp\/v2\/posts\/1922\/revisions\/1924"}],"wp:featuredmedia":[{"embeddable":true,"href":"https:\/\/agridulcenoticias.com\/index.php\/wp-json\/wp\/v2\/media\/1923"}],"wp:attachment":[{"href":"https:\/\/agridulcenoticias.com\/index.php\/wp-json\/wp\/v2\/media?parent=1922"}],"wp:term":[{"taxonomy":"category","embeddable":true,"href":"https:\/\/agridulcenoticias.com\/index.php\/wp-json\/wp\/v2\/categories?post=1922"},{"taxonomy":"post_tag","embeddable":true,"href":"https:\/\/agridulcenoticias.com\/index.php\/wp-json\/wp\/v2\/tags?post=1922"}],"curies":[{"name":"wp","href":"https:\/\/api.w.org\/{rel}","templated":true}]}}