{"id":1934,"date":"2025-10-16T23:26:00","date_gmt":"2025-10-17T05:26:00","guid":{"rendered":"https:\/\/agridulcenoticias.com\/?p=1934"},"modified":"2025-10-17T11:28:01","modified_gmt":"2025-10-17T17:28:01","slug":"trump-amenaza-con-matar-a-miembros-de-hamas-si-siguen-las-ejecuciones-en-gaza","status":"publish","type":"post","link":"https:\/\/agridulcenoticias.com\/index.php\/2025\/10\/16\/trump-amenaza-con-matar-a-miembros-de-hamas-si-siguen-las-ejecuciones-en-gaza\/","title":{"rendered":"Trump amenaza con \u201cmatar\u201d a miembros de Ham\u00e1s si siguen las ejecuciones en Gaza"},"content":{"rendered":"\n<p><a><\/a>EE.UU. inst\u00f3 \u201cfirmemente\u201d a Ham\u00e1s a que cese la violencia contra civiles en la Franja de Gaza<\/p>\n\n\n\n<p>El presidente de Estados Unidos, Donald Trump, amenaz\u00f3 con \u201cmatar\u201d a los miembros de Ham\u00e1s si el grupo no cumple con el acuerdo de alto al fuego y \u201ccontin\u00faa asesinando en Gaza\u201d.<\/p>\n\n\n\n<p>\u201cSi Ham\u00e1s contin\u00faa asesinando gente en Gaza, algo que no estaba en el Acuerdo, no tendremos m\u00e1s opci\u00f3n que entrar y matarlos a ellos\u201d, indic\u00f3 Trump en la red social Truth Social.<\/p>\n\n\n\n<p>El jefe del Comando Central de Estados Unidos (Centcom), Brad Cooper, inst\u00f3 \u201cfirmemente\u201d a Ham\u00e1s a que cese la violencia contra civiles en la Franja de Gaza y aproveche la \u201coportunidad hist\u00f3rica\u201d para alcanzar la paz \u201cdesarm\u00e1ndose sin demora\u201d.<\/p>\n\n\n\n<p>\u201cInstamos firmemente a Ham\u00e1s a suspender de inmediato la violencia y los disparos contra civiles palestinos inocentes en Gaza, tanto en las zonas controladas por Ham\u00e1s como en aquellas bajo protecci\u00f3n de las (Fuerzas de Defensa de Israel) FDI, detr\u00e1s de la L\u00ednea Amarilla\u201d, escribi\u00f3 Cooper en un mensaje publicado en X.<\/p>\n\n\n\n<p>El comandante estadounidense inform\u00f3 que transmiti\u00f3 sus \u201cpreocupaciones a los mediadores\u201d que negocian en Egipto la implementaci\u00f3n de la propuesta de paz impulsada por Trump para el enclave palestino.<\/p>\n\n\n\n<p>Tras el acuerdo de paz, las milicias armadas de Ham\u00e1s se han movilizado en Gaza para retomar el control y han realizado ejecuciones sumarias de personas que acusa de colaborar con Israel y ha mantenido choques con grupos rivales armados.<\/p>\n\n\n\n<p>Varios videos circulan en los \u00faltimos d\u00edas en redes sociales y muestran la ejecuci\u00f3n de varias personas maniatadas, con los ojos vendados y puestas en una fila, por parte de hombres armados, ante la presencia de decenas de personas.<\/p>\n\n\n\n<p>Dichas ejecuciones, que seg\u00fan fuentes locales se produjeron en la ciudad de Gaza, han tenido lugar en el arranque del alto al fuego en la Franja, que ha supuesto la retirada de las tropas israel\u00edes de la mitad del territorio, y en el marco de enfrentamientos de hombres armados de Ham\u00e1s y otras milicias locales.<\/p>\n","protected":false},"excerpt":{"rendered":"<p>EE.UU. inst\u00f3 \u201cfirmemente\u201d a Ham\u00e1s a que cese la violencia contra civiles en la Franja&#8230;<\/p>\n","protected":false},"author":1,"featured_media":1935,"comment_status":"open","ping_status":"closed","sticky":false,"template":"","format":"standard","meta":{"footnotes":""},"categories":[15],"tags":[],"class_list":["post-1934","post","type-post","status-publish","format-standard","has-post-thumbnail","hentry","category-internacional"],"_links":{"self":[{"href":"https:\/\/agridulcenoticias.com\/index.php\/wp-json\/wp\/v2\/posts\/1934","targetHints":{"allow":["GET"]}}],"collection":[{"href":"https:\/\/agridulcenoticias.com\/index.php\/wp-json\/wp\/v2\/posts"}],"about":[{"href":"https:\/\/agridulcenoticias.com\/index.php\/wp-json\/wp\/v2\/types\/post"}],"author":[{"embeddable":true,"href":"https:\/\/agridulcenoticias.com\/index.php\/wp-json\/wp\/v2\/users\/1"}],"replies":[{"embeddable":true,"href":"https:\/\/agridulcenoticias.com\/index.php\/wp-json\/wp\/v2\/comments?post=1934"}],"version-history":[{"count":1,"href":"https:\/\/agridulcenoticias.com\/index.php\/wp-json\/wp\/v2\/posts\/1934\/revisions"}],"predecessor-version":[{"id":1936,"href":"https:\/\/agridulcenoticias.com\/index.php\/wp-json\/wp\/v2\/posts\/1934\/revisions\/1936"}],"wp:featuredmedia":[{"embeddable":true,"href":"https:\/\/agridulcenoticias.com\/index.php\/wp-json\/wp\/v2\/media\/1935"}],"wp:attachment":[{"href":"https:\/\/agridulcenoticias.com\/index.php\/wp-json\/wp\/v2\/media?parent=1934"}],"wp:term":[{"taxonomy":"category","embeddable":true,"href":"https:\/\/agridulcenoticias.com\/index.php\/wp-json\/wp\/v2\/categories?post=1934"},{"taxonomy":"post_tag","embeddable":true,"href":"https:\/\/agridulcenoticias.com\/index.php\/wp-json\/wp\/v2\/tags?post=1934"}],"curies":[{"name":"wp","href":"https:\/\/api.w.org\/{rel}","templated":true}]}}