{"id":1958,"date":"2025-10-17T23:26:03","date_gmt":"2025-10-18T05:26:03","guid":{"rendered":"https:\/\/agridulcenoticias.com\/?p=1958"},"modified":"2025-10-17T23:26:05","modified_gmt":"2025-10-18T05:26:05","slug":"soldado-stephania-carmona-muere-en-practica-de-tiro-sargento-responsable-se-encuentra-profugo","status":"publish","type":"post","link":"https:\/\/agridulcenoticias.com\/index.php\/2025\/10\/17\/soldado-stephania-carmona-muere-en-practica-de-tiro-sargento-responsable-se-encuentra-profugo\/","title":{"rendered":"Soldado Stephania Carmona muere en pr\u00e1ctica de tiro; sargento responsable se encuentra pr\u00f3fugo"},"content":{"rendered":"\n<p>La soldado Stephania Carmona recibi\u00f3 al menos un disparo en la frente por parte del sargento segundo Yair Manuel, quien se encuentra pr\u00f3fugo<\/p>\n\n\n\n<p>octubre 17, 2025<\/p>\n\n\n\n<p><strong>Stephania Carmona Rojas<\/strong>, soldado de la Guardia Nacional, <strong>muri\u00f3<\/strong> durante una <strong>pr\u00e1ctica de tiro<\/strong>, hecho que ya es investigado por autoridades federales.<\/p>\n\n\n\n<p>Los hechos ocurrieron el 14 de octubre al interior del<strong> 51 Batall\u00f3n<\/strong> de <strong>Acapulco<\/strong>, Guerrero.<a href=\"https:\/\/lopezdoriga.com\/wp-content\/uploads\/2025\/10\/segundo-sargento-yair-manuel.jpg\"><\/a><\/p>\n\n\n\n<figure class=\"wp-block-image\" id=\"attachment_1744836\"><a href=\"https:\/\/lopezdoriga.com\/wp-content\/uploads\/2025\/10\/segundo-sargento-yair-manuel.jpg\"><img decoding=\"async\" src=\"https:\/\/lopezdoriga.com\/wp-content\/uploads\/2025\/10\/segundo-sargento-yair-manuel.jpg\" alt=\"Soldado Stephania Carmona muere en pr\u00e1ctica de tiro; sargento responsable se encuentra pr\u00f3fugo - segundo-sargento-yair-manuel\" class=\"wp-image-1744836\" title=\"\"\/><\/a><figcaption class=\"wp-element-caption\">Segundo sargento Yair Manuel. Foto Especial \/ Facebook<\/figcaption><\/figure>\n\n\n\n<p>La <strong>soldado<\/strong> de 19 a\u00f1os de edad recibi\u00f3 al menos un <strong>disparo<\/strong> en la <strong>frente<\/strong> por parte del <strong>sargento segundo Yair Manuel Ram\u00edrez de la Cruz<\/strong>, quien se encuentra pr\u00f3fugo.<\/p>\n\n\n\n<p>El <strong>cuerpo<\/strong> de Stephania fue trasladado a su natal <strong>Ajalpan<\/strong>, Puebla, donde este 16 de octubre se llevaron a cabo sus <strong>servicios<\/strong> <strong>funerarios<\/strong>.<\/p>\n\n\n\n<h2 class=\"wp-block-heading\">&nbsp;Familia de la solado Stephania Carmona denuncia irregularidades<\/h2>\n\n\n\n<p>La madre de <strong>Stephania Carmona<\/strong> acus\u00f3 que la muerte de la soldado no fue un accidente sino que se trat\u00f3 de un <strong>feminicidio<\/strong>.<\/p>\n\n\n\n<p>Se\u00f1al\u00f3 que compa\u00f1eros de la joven le dijeron que dentro del 51 Batall\u00f3n hab\u00eda casos de abuso contra las mujeres.<\/p>\n\n\n\n<figure class=\"wp-block-image\" id=\"attachment_1744837\"><a href=\"https:\/\/lopezdoriga.com\/wp-content\/uploads\/2025\/10\/velorio-de-la-soldado-stephania-carmona-rojas.jpg\"><img decoding=\"async\" src=\"https:\/\/lopezdoriga.com\/wp-content\/uploads\/2025\/10\/velorio-de-la-soldado-stephania-carmona-rojas.jpg\" alt=\"Soldado Stephania Carmona muere en pr\u00e1ctica de tiro; sargento responsable se encuentra pr\u00f3fugo - velorio-de-la-soldado-stephania-carmona-rojas\" class=\"wp-image-1744837\" title=\"\"\/><\/a><figcaption class=\"wp-element-caption\">Velorio de la soldado Stephania Carmona Rojas. Foto Especial \/ Facebook<\/figcaption><\/figure>\n\n\n\n<p>Asimismo refiri\u00f3 que aunque le entregaron el cuerpo de su hija no le han querido dar el acta de defunci\u00f3n.<\/p>\n\n\n\n<p>El Gobierno Municipal de Ajalpan lament\u00f3 la muerte de la soldado y exigi\u00f3 justicia.<\/p>\n\n\n\n<blockquote class=\"wp-block-quote is-layout-flow wp-block-quote-is-layout-flow\">\n<p>Solicitamos llevar a cabo una investigaci\u00f3n exhaustiva, transparente y con estricto apego a la ley, para que \u00e9l o los responsables de este acto no queden impunes\u201d, expuso en un comunicado.<\/p>\n<\/blockquote>\n\n\n\n<h2 class=\"wp-block-heading\">&nbsp;Pr\u00f3fugo, el sargento responsable de la muerte de la soldado<\/h2>\n\n\n\n<p>El <strong>segundo sargento Yair Manuel Ram\u00edrez<\/strong>, quien dispar\u00f3 a la soldado Stephania Carmona,&nbsp;se encuentra actualmente <strong>pr\u00f3fugo<\/strong>.<\/p>\n\n\n\n<p>La Fiscal\u00eda de <strong>Guerrero<\/strong> inform\u00f3 el despliegue de un operativo especial para su <strong>b\u00fasqueda<\/strong> en el estado, toda vez que es originario de <strong>Chilpancingo<\/strong>.<\/p>\n","protected":false},"excerpt":{"rendered":"<p>La soldado Stephania Carmona recibi\u00f3 al menos un disparo en la frente por parte del&#8230;<\/p>\n","protected":false},"author":1,"featured_media":1959,"comment_status":"open","ping_status":"closed","sticky":false,"template":"","format":"standard","meta":{"footnotes":""},"categories":[14],"tags":[],"class_list":["post-1958","post","type-post","status-publish","format-standard","has-post-thumbnail","hentry","category-nacional"],"_links":{"self":[{"href":"https:\/\/agridulcenoticias.com\/index.php\/wp-json\/wp\/v2\/posts\/1958","targetHints":{"allow":["GET"]}}],"collection":[{"href":"https:\/\/agridulcenoticias.com\/index.php\/wp-json\/wp\/v2\/posts"}],"about":[{"href":"https:\/\/agridulcenoticias.com\/index.php\/wp-json\/wp\/v2\/types\/post"}],"author":[{"embeddable":true,"href":"https:\/\/agridulcenoticias.com\/index.php\/wp-json\/wp\/v2\/users\/1"}],"replies":[{"embeddable":true,"href":"https:\/\/agridulcenoticias.com\/index.php\/wp-json\/wp\/v2\/comments?post=1958"}],"version-history":[{"count":1,"href":"https:\/\/agridulcenoticias.com\/index.php\/wp-json\/wp\/v2\/posts\/1958\/revisions"}],"predecessor-version":[{"id":1960,"href":"https:\/\/agridulcenoticias.com\/index.php\/wp-json\/wp\/v2\/posts\/1958\/revisions\/1960"}],"wp:featuredmedia":[{"embeddable":true,"href":"https:\/\/agridulcenoticias.com\/index.php\/wp-json\/wp\/v2\/media\/1959"}],"wp:attachment":[{"href":"https:\/\/agridulcenoticias.com\/index.php\/wp-json\/wp\/v2\/media?parent=1958"}],"wp:term":[{"taxonomy":"category","embeddable":true,"href":"https:\/\/agridulcenoticias.com\/index.php\/wp-json\/wp\/v2\/categories?post=1958"},{"taxonomy":"post_tag","embeddable":true,"href":"https:\/\/agridulcenoticias.com\/index.php\/wp-json\/wp\/v2\/tags?post=1958"}],"curies":[{"name":"wp","href":"https:\/\/api.w.org\/{rel}","templated":true}]}}