{"id":1961,"date":"2025-10-17T23:30:34","date_gmt":"2025-10-18T05:30:34","guid":{"rendered":"https:\/\/agridulcenoticias.com\/?p=1961"},"modified":"2025-10-17T23:30:36","modified_gmt":"2025-10-18T05:30:36","slug":"sheinbaum-supervisa-entrega-de-ayuda-en-veracruz","status":"publish","type":"post","link":"https:\/\/agridulcenoticias.com\/index.php\/2025\/10\/17\/sheinbaum-supervisa-entrega-de-ayuda-en-veracruz\/","title":{"rendered":"Sheinbaum supervisa entrega de ayuda en Veracruz"},"content":{"rendered":"\n<p>Claudia Sheinbaum recorri\u00f3 Veracruz y anunci\u00f3 el portal \u201cAfectaciones por lluvias e inundaciones\u201d para informar sobre la emergencia<\/p>\n\n\n\n<p>La presidenta de M\u00e9xico, Claudia Sheinbaum, realiz\u00f3 este viernes su cuarto d\u00eda de recorridos por Veracruz, estado gravemente afectado por las lluvias de la semana pasada.<\/p>\n\n\n\n<p>Durante su visita, supervis\u00f3 la entrada de ayuda humanitaria y los traslados m\u00e9dicos en Poza Rica, uno de los municipios m\u00e1s golpeados por la emergencia.<\/p>\n\n\n\n<p>\u201cEn Poza Rica, Veracruz, supervisamos la entrega de ayuda humanitaria y traslados m\u00e9dicos; en reuni\u00f3n previa evaluamos las zonas afectadas en el estado. Sigue la atenci\u00f3n directa a la poblaci\u00f3n\u201d, inform\u00f3 a trav\u00e9s de sus redes sociales.<\/p>\n\n\n\n<p>Sheinbaum inform\u00f3 adem\u00e1s que ya est\u00e1 habilitado el portal \u201cAfectaciones por lluvias e inundaciones\u201d, donde se actualizar\u00e1 de forma permanente el avance de las acciones en los municipios afectados, el estado de caminos, as\u00ed como el n\u00famero de personas fallecidas y no localizadas.<\/p>\n","protected":false},"excerpt":{"rendered":"<p>Claudia Sheinbaum recorri\u00f3 Veracruz y anunci\u00f3 el portal \u201cAfectaciones por lluvias e inundaciones\u201d para informar&#8230;<\/p>\n","protected":false},"author":1,"featured_media":1962,"comment_status":"open","ping_status":"closed","sticky":false,"template":"","format":"standard","meta":{"footnotes":""},"categories":[14],"tags":[],"class_list":["post-1961","post","type-post","status-publish","format-standard","has-post-thumbnail","hentry","category-nacional"],"_links":{"self":[{"href":"https:\/\/agridulcenoticias.com\/index.php\/wp-json\/wp\/v2\/posts\/1961","targetHints":{"allow":["GET"]}}],"collection":[{"href":"https:\/\/agridulcenoticias.com\/index.php\/wp-json\/wp\/v2\/posts"}],"about":[{"href":"https:\/\/agridulcenoticias.com\/index.php\/wp-json\/wp\/v2\/types\/post"}],"author":[{"embeddable":true,"href":"https:\/\/agridulcenoticias.com\/index.php\/wp-json\/wp\/v2\/users\/1"}],"replies":[{"embeddable":true,"href":"https:\/\/agridulcenoticias.com\/index.php\/wp-json\/wp\/v2\/comments?post=1961"}],"version-history":[{"count":1,"href":"https:\/\/agridulcenoticias.com\/index.php\/wp-json\/wp\/v2\/posts\/1961\/revisions"}],"predecessor-version":[{"id":1963,"href":"https:\/\/agridulcenoticias.com\/index.php\/wp-json\/wp\/v2\/posts\/1961\/revisions\/1963"}],"wp:featuredmedia":[{"embeddable":true,"href":"https:\/\/agridulcenoticias.com\/index.php\/wp-json\/wp\/v2\/media\/1962"}],"wp:attachment":[{"href":"https:\/\/agridulcenoticias.com\/index.php\/wp-json\/wp\/v2\/media?parent=1961"}],"wp:term":[{"taxonomy":"category","embeddable":true,"href":"https:\/\/agridulcenoticias.com\/index.php\/wp-json\/wp\/v2\/categories?post=1961"},{"taxonomy":"post_tag","embeddable":true,"href":"https:\/\/agridulcenoticias.com\/index.php\/wp-json\/wp\/v2\/tags?post=1961"}],"curies":[{"name":"wp","href":"https:\/\/api.w.org\/{rel}","templated":true}]}}