{"id":1964,"date":"2025-10-17T23:35:52","date_gmt":"2025-10-18T05:35:52","guid":{"rendered":"https:\/\/agridulcenoticias.com\/?p=1964"},"modified":"2025-10-17T23:35:55","modified_gmt":"2025-10-18T05:35:55","slug":"texas-despliega-la-guardia-nacional-previo-a-protesta-contra-trump","status":"publish","type":"post","link":"https:\/\/agridulcenoticias.com\/index.php\/2025\/10\/17\/texas-despliega-la-guardia-nacional-previo-a-protesta-contra-trump\/","title":{"rendered":"Texas despliega la Guardia Nacional previo a protesta contra Trump"},"content":{"rendered":"\n<p>El gobernador de Texas despleg\u00f3 a la Guardia Nacional a Austin, la capital del estado, en respuesta a jornadas de protesta<\/p>\n\n\n\n<p>Una coalici\u00f3n de organizaciones opositoras, incluyendo grupos en defensa de los derechos humanos y sindicatos, convocaron para este s\u00e1bado una jornada nacional de protesta en m\u00e1s de 2.000 lugares del pa\u00eds, incluyendo Washington D.C.<\/p>\n\n\n\n<p>Se trata de la segunda ola de manifestaciones \u2018No Kings\u2019 (Sin Reyes), la primera tuvo lugar en junio y transcurri\u00f3 generalmente manera pac\u00edfica en Texas y otras partes del pa\u00eds. En ese momento, Abbott tambi\u00e9n despleg\u00f3 la Guardia Nacional.<\/p>\n\n\n\n<p>El gobernador de Texas, adem\u00e1s, se uni\u00f3 a otros l\u00edderes republicanos al asegurar, sin evidencia, que las jornada de protesta tiene nexos con el movimiento \u2018Antifa\u2019, de la ideolog\u00eda antifascista, que ha sido se\u00f1alado como \u201cterrorista\u201d por el Gobierno Trump.<\/p>\n\n\n\n<p>Ayer, senador Ted Cruz, tambi\u00e9n texano, pidi\u00f3 investigar al Gobierno federal investigar la financiaci\u00f3n de los grupos que convocaron las manifestaciones.<\/p>\n\n\n\n<p>El pasado mes de septiembre, Trump firm\u00f3 un decreto presidencial se\u00f1alado a Antifa como una \u201corganizaci\u00f3n terrorista\u201d, sin embargo, no est\u00e1 claro c\u00f3mo podr\u00e1 aplicarse esta decisi\u00f3n, ya que no existe una ley de terrorismo dom\u00e9stico en EE.UU. que permita designar a un grupo como tal.<\/p>\n\n\n\n<p>Y es que, Antifa no es una organizaci\u00f3n formal y estructurada, pese a que el Gobierno la ha se\u00f1alado como tal, seg\u00fan han se\u00f1alado organismos expertos en discurso de odio como Southern Poverty Law Center (SPLC, en ingl\u00e9s).<\/p>\n\n\n\n<p>El Servicio de Investigaci\u00f3n del Congreso de EE.UU., un instituto no partidista de la Biblioteca del Congreso se\u00f1ala que Antifa, que viene de \u2018antifascismo\u2019, es un movimiento \u201cdescentralizado, formados por grupos independientes y personas afines\u201d con principios que pueden \u201creflejar ideas del anarquismo, el socialismo o el comunismo\u201d.<\/p>\n\n\n\n<p>En 2020, el entonces director del FBI, Christopher Wray, asegur\u00f3 incluso que se trata de una \u201cideolog\u00eda\u201d y no de un grupo organizado.<\/p>\n","protected":false},"excerpt":{"rendered":"<p>El gobernador de Texas despleg\u00f3 a la Guardia Nacional a Austin, la capital del estado,&#8230;<\/p>\n","protected":false},"author":1,"featured_media":1965,"comment_status":"open","ping_status":"closed","sticky":false,"template":"","format":"standard","meta":{"footnotes":""},"categories":[15],"tags":[],"class_list":["post-1964","post","type-post","status-publish","format-standard","has-post-thumbnail","hentry","category-internacional"],"_links":{"self":[{"href":"https:\/\/agridulcenoticias.com\/index.php\/wp-json\/wp\/v2\/posts\/1964","targetHints":{"allow":["GET"]}}],"collection":[{"href":"https:\/\/agridulcenoticias.com\/index.php\/wp-json\/wp\/v2\/posts"}],"about":[{"href":"https:\/\/agridulcenoticias.com\/index.php\/wp-json\/wp\/v2\/types\/post"}],"author":[{"embeddable":true,"href":"https:\/\/agridulcenoticias.com\/index.php\/wp-json\/wp\/v2\/users\/1"}],"replies":[{"embeddable":true,"href":"https:\/\/agridulcenoticias.com\/index.php\/wp-json\/wp\/v2\/comments?post=1964"}],"version-history":[{"count":1,"href":"https:\/\/agridulcenoticias.com\/index.php\/wp-json\/wp\/v2\/posts\/1964\/revisions"}],"predecessor-version":[{"id":1966,"href":"https:\/\/agridulcenoticias.com\/index.php\/wp-json\/wp\/v2\/posts\/1964\/revisions\/1966"}],"wp:featuredmedia":[{"embeddable":true,"href":"https:\/\/agridulcenoticias.com\/index.php\/wp-json\/wp\/v2\/media\/1965"}],"wp:attachment":[{"href":"https:\/\/agridulcenoticias.com\/index.php\/wp-json\/wp\/v2\/media?parent=1964"}],"wp:term":[{"taxonomy":"category","embeddable":true,"href":"https:\/\/agridulcenoticias.com\/index.php\/wp-json\/wp\/v2\/categories?post=1964"},{"taxonomy":"post_tag","embeddable":true,"href":"https:\/\/agridulcenoticias.com\/index.php\/wp-json\/wp\/v2\/tags?post=1964"}],"curies":[{"name":"wp","href":"https:\/\/api.w.org\/{rel}","templated":true}]}}