{"id":1967,"date":"2025-10-17T12:40:00","date_gmt":"2025-10-17T18:40:00","guid":{"rendered":"https:\/\/agridulcenoticias.com\/?p=1967"},"modified":"2025-10-18T00:41:46","modified_gmt":"2025-10-18T06:41:46","slug":"indigenas-hieren-con-flechas-a-cuatro-policias-en-protesta-ante-embajada-de-ee-uu-en-bogota","status":"publish","type":"post","link":"https:\/\/agridulcenoticias.com\/index.php\/2025\/10\/17\/indigenas-hieren-con-flechas-a-cuatro-policias-en-protesta-ante-embajada-de-ee-uu-en-bogota\/","title":{"rendered":"Ind\u00edgenas hieren con flechas a cuatro polic\u00edas en protesta ante Embajada de EE.UU. en Bogot\u00e1"},"content":{"rendered":"\n<p>Cuatro polic\u00edas resultaron heridos en Bogot\u00e1 tras ser **atacados con flechas por ind\u00edgenas** que protestaban frente a la Embajada de EE.UU.<\/p>\n\n\n\n<p>Cuatro polic\u00edas colombianos resultaron heridos este viernes luego de ser atacados con flechas por un grupo de ind\u00edgenas que protesta frente a la Embajada de Estados Unidos en Bogot\u00e1 contra la pol\u00edtica de ese pa\u00eds hacia Gaza, Venezuela y Ecuador.<\/p>\n\n\n\n<p>La manifestaci\u00f3n fue convocada por grupos de la sociedad civil como parte de una \u201cjornada antiimperialista\u201d y se torn\u00f3 violenta frente a la sede diplom\u00e1tica de Estados Unidos, ubicada en el occidente de Bogot\u00e1, sobre una de las avenidas neur\u00e1lgicas de la ciudad, lo que oblig\u00f3 a la intervenci\u00f3n de la Polic\u00eda.<\/p>\n\n\n\n<p>\u201cLe he dado la instrucci\u00f3n a la Polic\u00eda de intervenir en inmediaciones de la Embajada de Estados Unidos, donde unos delincuentes, algunos encapuchados, atacaron a la embajada con artefactos incendiarios, explosivos y flechas\u201d, dijo en X el alcalde de Bogot\u00e1, Carlos Fernando Gal\u00e1n.<\/p>\n\n\n\n<p>Gal\u00e1n detall\u00f3 que los cuatro polic\u00edas \u201cresultaron heridos en cara, pierna y brazos\u201d y reiter\u00f3 que \u201cen Bogot\u00e1 no hay espacio para la violencia\u201d.<\/p>\n\n\n\n<p>\u201cDenunciaremos estos actos ante autoridades judiciales, Defensor\u00eda del Pueblo y ONU. Siempre que haya violencia y destrucci\u00f3n, en Bogot\u00e1 vamos a responder con el uso leg\u00edtimo de la fuerza, como hicimos hoy\u201d, concluy\u00f3 Gal\u00e1n.<\/p>\n\n\n\n<p>Entre los manifestantes hay varios integrantes del llamado Congreso de los Pueblos, una plataforma que agrupa comunidades ind\u00edgenas, campesinas, afrodescendientes y movimientos sociales. El grupo lleg\u00f3 a Bogot\u00e1 el pasado 13 de octubre y, sin autorizaci\u00f3n, se tom\u00f3 una plazoleta de la Universidad Nacional, la principal del sector p\u00fablico colombiano.<\/p>\n\n\n\n<p>El presidente colombiano, Gustavo Petro, asegur\u00f3 que hab\u00eda ordenado proteger la Embajada de Estados Unidos y critic\u00f3 al Congreso de los Pueblos por la agresi\u00f3n a la Polic\u00eda.<\/p>\n\n\n\n<p>\u201cOrden\u00e9 el m\u00e1ximo cuidado con la Embajada de los EE.UU. en Bogot\u00e1. Mal que despu\u00e9s de llegar a un acuerdo con el Congreso de los Pueblos para levantar los bloqueos, un grupo m\u00e1s radical ha agredido a la polic\u00eda que cuida la embajada con varios j\u00f3venes heridos con flechas\u201d, manifest\u00f3 Petro en su cuenta de X.<\/p>\n\n\n\n<p>Entre tanto, el ministro de Defensa, Pedro S\u00e1nchez Su\u00e1rez, asegur\u00f3 que lo ocurrido hoy frente a sede diplom\u00e1tica es \u201cintento de homicidio\u201d y dijo que los responsables materiales e intelectuales de \u201cestos delitos ser\u00e1n capturados\u201d.<\/p>\n\n\n\n<p>\u201cEsto no es manifestaci\u00f3n. Es intento de homicidio. El Estado colombiano no tolera ni tolerar\u00e1 estos ataques contra nuestros miembros de la Fuerza P\u00fablica\u201d, asegur\u00f3 el ministro en redes sociales.<\/p>\n\n\n\n<p><\/p>\n","protected":false},"excerpt":{"rendered":"<p>Cuatro polic\u00edas resultaron heridos en Bogot\u00e1 tras ser **atacados con flechas por ind\u00edgenas** que protestaban&#8230;<\/p>\n","protected":false},"author":1,"featured_media":1968,"comment_status":"open","ping_status":"closed","sticky":false,"template":"","format":"standard","meta":{"footnotes":""},"categories":[15],"tags":[],"class_list":["post-1967","post","type-post","status-publish","format-standard","has-post-thumbnail","hentry","category-internacional"],"_links":{"self":[{"href":"https:\/\/agridulcenoticias.com\/index.php\/wp-json\/wp\/v2\/posts\/1967","targetHints":{"allow":["GET"]}}],"collection":[{"href":"https:\/\/agridulcenoticias.com\/index.php\/wp-json\/wp\/v2\/posts"}],"about":[{"href":"https:\/\/agridulcenoticias.com\/index.php\/wp-json\/wp\/v2\/types\/post"}],"author":[{"embeddable":true,"href":"https:\/\/agridulcenoticias.com\/index.php\/wp-json\/wp\/v2\/users\/1"}],"replies":[{"embeddable":true,"href":"https:\/\/agridulcenoticias.com\/index.php\/wp-json\/wp\/v2\/comments?post=1967"}],"version-history":[{"count":1,"href":"https:\/\/agridulcenoticias.com\/index.php\/wp-json\/wp\/v2\/posts\/1967\/revisions"}],"predecessor-version":[{"id":1969,"href":"https:\/\/agridulcenoticias.com\/index.php\/wp-json\/wp\/v2\/posts\/1967\/revisions\/1969"}],"wp:featuredmedia":[{"embeddable":true,"href":"https:\/\/agridulcenoticias.com\/index.php\/wp-json\/wp\/v2\/media\/1968"}],"wp:attachment":[{"href":"https:\/\/agridulcenoticias.com\/index.php\/wp-json\/wp\/v2\/media?parent=1967"}],"wp:term":[{"taxonomy":"category","embeddable":true,"href":"https:\/\/agridulcenoticias.com\/index.php\/wp-json\/wp\/v2\/categories?post=1967"},{"taxonomy":"post_tag","embeddable":true,"href":"https:\/\/agridulcenoticias.com\/index.php\/wp-json\/wp\/v2\/tags?post=1967"}],"curies":[{"name":"wp","href":"https:\/\/api.w.org\/{rel}","templated":true}]}}