{"id":1988,"date":"2025-10-18T16:56:57","date_gmt":"2025-10-18T22:56:57","guid":{"rendered":"https:\/\/agridulcenoticias.com\/?p=1988"},"modified":"2025-10-18T16:56:59","modified_gmt":"2025-10-18T22:56:59","slug":"supervisa-americo-villarreal-creciente-del-panuco-preparados-para-brindar-apoyo-en-caso-necesario","status":"publish","type":"post","link":"https:\/\/agridulcenoticias.com\/index.php\/2025\/10\/18\/supervisa-americo-villarreal-creciente-del-panuco-preparados-para-brindar-apoyo-en-caso-necesario\/","title":{"rendered":"Supervisa Am\u00e9rico Villarreal creciente del P\u00e1nuco; preparados para brindar apoyo en caso necesario"},"content":{"rendered":"\n<p>Tampico, Tamaulipas.- El gobernador Am\u00e9rico Villarreal Anaya realiz\u00f3 un sobrevuelo para supervisar la creciente que registra el cauce del r\u00edo P\u00e1nuco y reiter\u00f3 que el gobierno de Tamaulipas est\u00e1 atento y debidamente preparado para brindar toda la atenci\u00f3n a las familias que lo requieran en la zona conurbada.<\/p>\n\n\n\n<p>La tarde de este viernes, a bordo del avi\u00f3n \u00abTl\u00e1loc\u00bb y acompa\u00f1ado por Ra\u00fal Quiroga \u00c1lvarez, secretario de Recursos Hidr\u00e1ulicos, el ejecutivo tamaulipeco recorri\u00f3 las m\u00e1rgenes del P\u00e1nuco, hasta el municipio de Tamu\u00edn, San Luis Potos\u00ed, en donde constat\u00f3 las afectaciones a diversas comunidades rurales a causa del desbordamiento del r\u00edo.<\/p>\n\n\n\n<p>En esta regi\u00f3n se observ\u00f3 que las llanuras inundadas est\u00e1n aligerando la carga de agua que llegar\u00e1 a la zona sur de Tamaulipas ya que estos desbordamientos que est\u00e1n a lo largo del r\u00edo sirven para amortiguar el golpe del vital l\u00edquido.<\/p>\n\n\n\n<p>\u00abHasta ahora las condiciones son de alerta a la poblaci\u00f3n, sin que tengamos alguna expectativa de alguna situaci\u00f3n catastr\u00f3fica\u00bb, expres\u00f3 el mandatario estatal.<\/p>\n\n\n\n<p>Villarreal Anaya destac\u00f3 que se mantiene un monitoreo permanente y se eval\u00faa toda la informaci\u00f3n t\u00e9cnica de las estaciones hidrom\u00e9tricas para estar en condiciones de determinar los sectores que pudieran sufrir algun da\u00f1o y brindar el auxilio oportuno en coordinaci\u00f3n con los gobiernos municipales, a la poblaci\u00f3n que lo requiera.<\/p>\n\n\n\n<p>Asimismo, destac\u00f3 la solidaridad de las y los tamaulipecos en todos los centros de acopio.<\/p>\n\n\n\n<p>Agreg\u00f3 que con el apoyo de todo el personal de Protecci\u00f3n Civil se est\u00e1n organizando y clasificando todos los donativos para asegurar que lleguen a quien m\u00e1s lo necesite y para seguir contribuyendo, tambi\u00e9n, a aliviar las condiciones que prevalecen en otros estados del pa\u00eds en coordinaci\u00f3n con las y los gobernadores y a trav\u00e9s de las Fuerzas Armadas.<\/p>\n","protected":false},"excerpt":{"rendered":"<p>Tampico, Tamaulipas.- El gobernador Am\u00e9rico Villarreal Anaya realiz\u00f3 un sobrevuelo para supervisar la creciente que&#8230;<\/p>\n","protected":false},"author":1,"featured_media":1989,"comment_status":"open","ping_status":"closed","sticky":false,"template":"","format":"standard","meta":{"footnotes":""},"categories":[5,2],"tags":[],"class_list":["post-1988","post","type-post","status-publish","format-standard","has-post-thumbnail","hentry","category-tamaulipas","category-tampico"],"_links":{"self":[{"href":"https:\/\/agridulcenoticias.com\/index.php\/wp-json\/wp\/v2\/posts\/1988","targetHints":{"allow":["GET"]}}],"collection":[{"href":"https:\/\/agridulcenoticias.com\/index.php\/wp-json\/wp\/v2\/posts"}],"about":[{"href":"https:\/\/agridulcenoticias.com\/index.php\/wp-json\/wp\/v2\/types\/post"}],"author":[{"embeddable":true,"href":"https:\/\/agridulcenoticias.com\/index.php\/wp-json\/wp\/v2\/users\/1"}],"replies":[{"embeddable":true,"href":"https:\/\/agridulcenoticias.com\/index.php\/wp-json\/wp\/v2\/comments?post=1988"}],"version-history":[{"count":1,"href":"https:\/\/agridulcenoticias.com\/index.php\/wp-json\/wp\/v2\/posts\/1988\/revisions"}],"predecessor-version":[{"id":1990,"href":"https:\/\/agridulcenoticias.com\/index.php\/wp-json\/wp\/v2\/posts\/1988\/revisions\/1990"}],"wp:featuredmedia":[{"embeddable":true,"href":"https:\/\/agridulcenoticias.com\/index.php\/wp-json\/wp\/v2\/media\/1989"}],"wp:attachment":[{"href":"https:\/\/agridulcenoticias.com\/index.php\/wp-json\/wp\/v2\/media?parent=1988"}],"wp:term":[{"taxonomy":"category","embeddable":true,"href":"https:\/\/agridulcenoticias.com\/index.php\/wp-json\/wp\/v2\/categories?post=1988"},{"taxonomy":"post_tag","embeddable":true,"href":"https:\/\/agridulcenoticias.com\/index.php\/wp-json\/wp\/v2\/tags?post=1988"}],"curies":[{"name":"wp","href":"https:\/\/api.w.org\/{rel}","templated":true}]}}