{"id":1997,"date":"2025-10-18T17:08:25","date_gmt":"2025-10-18T23:08:25","guid":{"rendered":"https:\/\/agridulcenoticias.com\/?p=1997"},"modified":"2025-10-18T17:08:27","modified_gmt":"2025-10-18T23:08:27","slug":"realiza-gobierno-de-tamaulipas-reunion-de-supervision-ante-la-creciente-del-rio-panuco","status":"publish","type":"post","link":"https:\/\/agridulcenoticias.com\/index.php\/2025\/10\/18\/realiza-gobierno-de-tamaulipas-reunion-de-supervision-ante-la-creciente-del-rio-panuco\/","title":{"rendered":"Realiza Gobierno de Tamaulipas reuni\u00f3n de supervisi\u00f3n ante la creciente del r\u00edo P\u00e1nuco"},"content":{"rendered":"\n<p>Tampico, Tamaulipas. \u2013 Como parte de las acciones de prevenci\u00f3n y coordinaci\u00f3n interinstitucional ante la creciente del r\u00edo P\u00e1nuco, el Gobierno del Estado de Tamaulipas, a trav\u00e9s de la Secretar\u00eda de Recursos Hidr\u00e1ulicos para el Desarrollo Social, llev\u00f3 a cabo una reuni\u00f3n de seguimiento con autoridades municipales de Tampico, Ciudad Madero y Altamira.<\/p>\n\n\n\n<p>Durante la sesi\u00f3n, Quiroga \u00c1lvarez, inform\u00f3 que la cresta de la avenida del r\u00edo P\u00e1nuco se encuentra actualmente transitando por el municipio de P\u00e1nuco, Veracruz, y que se estima su arribo a los municipios de Tampico y Madero en aproximadamente 80 horas.<\/p>\n\n\n\n<p>Asimismo, detall\u00f3 que, desde la estaci\u00f3n hidrom\u00e9trica Las Adjuntas, se registra un descenso de 3.14 metros en el gasto del r\u00edo, adem\u00e1s de los derrames que se presentan en ambas m\u00e1rgenes de su cauce.<\/p>\n\n\n\n<p>El funcionario subray\u00f3 que, siguiendo las instrucciones del gobernador Am\u00e9rico Villarreal Anaya, se mantiene un trabajo conjunto entre dependencias estatales, federales y municipales para brindar informaci\u00f3n oportuna y garantizar la seguridad y tranquilidad de la poblaci\u00f3n del sur del estado.<\/p>\n\n\n\n<p>Con base en los datos obtenidos de las escalas hidrom\u00e9tricas instaladas por el Gobierno del Estado y la Comisi\u00f3n Nacional del Agua (Conagua), se precis\u00f3 que la zona sur de Tamaulipas cuenta a\u00fan con capacidad para absorber parte del volumen de agua proveniente de la creciente, aunque podr\u00edan presentarse derrames en las zonas bajas.<\/p>\n\n\n\n<p>El funcionario indic\u00f3 que el Gobierno de Tamaulipas reafirma su compromiso de continuar con el monitoreo permanente del r\u00edo P\u00e1nuco y con la coordinaci\u00f3n entre los tres niveles de gobierno, para atender de manera responsable y preventiva este fen\u00f3meno hidrol\u00f3gico.<\/p>\n","protected":false},"excerpt":{"rendered":"<p>Tampico, Tamaulipas. \u2013 Como parte de las acciones de prevenci\u00f3n y coordinaci\u00f3n interinstitucional ante la&#8230;<\/p>\n","protected":false},"author":1,"featured_media":1998,"comment_status":"open","ping_status":"closed","sticky":false,"template":"","format":"standard","meta":{"footnotes":""},"categories":[5,2],"tags":[],"class_list":["post-1997","post","type-post","status-publish","format-standard","has-post-thumbnail","hentry","category-tamaulipas","category-tampico"],"_links":{"self":[{"href":"https:\/\/agridulcenoticias.com\/index.php\/wp-json\/wp\/v2\/posts\/1997","targetHints":{"allow":["GET"]}}],"collection":[{"href":"https:\/\/agridulcenoticias.com\/index.php\/wp-json\/wp\/v2\/posts"}],"about":[{"href":"https:\/\/agridulcenoticias.com\/index.php\/wp-json\/wp\/v2\/types\/post"}],"author":[{"embeddable":true,"href":"https:\/\/agridulcenoticias.com\/index.php\/wp-json\/wp\/v2\/users\/1"}],"replies":[{"embeddable":true,"href":"https:\/\/agridulcenoticias.com\/index.php\/wp-json\/wp\/v2\/comments?post=1997"}],"version-history":[{"count":1,"href":"https:\/\/agridulcenoticias.com\/index.php\/wp-json\/wp\/v2\/posts\/1997\/revisions"}],"predecessor-version":[{"id":1999,"href":"https:\/\/agridulcenoticias.com\/index.php\/wp-json\/wp\/v2\/posts\/1997\/revisions\/1999"}],"wp:featuredmedia":[{"embeddable":true,"href":"https:\/\/agridulcenoticias.com\/index.php\/wp-json\/wp\/v2\/media\/1998"}],"wp:attachment":[{"href":"https:\/\/agridulcenoticias.com\/index.php\/wp-json\/wp\/v2\/media?parent=1997"}],"wp:term":[{"taxonomy":"category","embeddable":true,"href":"https:\/\/agridulcenoticias.com\/index.php\/wp-json\/wp\/v2\/categories?post=1997"},{"taxonomy":"post_tag","embeddable":true,"href":"https:\/\/agridulcenoticias.com\/index.php\/wp-json\/wp\/v2\/tags?post=1997"}],"curies":[{"name":"wp","href":"https:\/\/api.w.org\/{rel}","templated":true}]}}