{"id":2003,"date":"2025-10-18T17:16:10","date_gmt":"2025-10-18T23:16:10","guid":{"rendered":"https:\/\/agridulcenoticias.com\/?p=2003"},"modified":"2025-10-18T17:16:12","modified_gmt":"2025-10-18T23:16:12","slug":"miles-de-personas-en-todo-ee-uu-protestan-contra-trump-no-kings","status":"publish","type":"post","link":"https:\/\/agridulcenoticias.com\/index.php\/2025\/10\/18\/miles-de-personas-en-todo-ee-uu-protestan-contra-trump-no-kings\/","title":{"rendered":"Miles de personas en todo EE.UU. protestan contra Trump: \u201cNo Kings\u201d"},"content":{"rendered":"\n<p>Miles de personas salen a las calles en ciudades de todo Estados Unidos, entre ellas Nueva York, Washington y Miami, bajo el lema \u201cNo Kings\u201d<\/p>\n\n\n\n<p>Miles de personas salen este s\u00e1bado a las calles en ciudades de todo Estados Unidos, entre ellas Nueva York, Washington y Miami, bajo el lema \u201cNo Kings\u201d (\u201cNo queremos reyes\u201d), para protestar contra lo que consideran un autoritarismo creciente del presidente Donald Trump.<\/p>\n\n\n\n<p>Las manifestaciones fueron convocadas de forma simult\u00e1nea en m\u00e1s de 2 mil 500 ciudades y municipios de los cincuenta estados del pa\u00eds, con el objetivo de convertirse en la mayor protesta desde el regreso de Trump al poder en enero pasado.<\/p>\n\n\n\n<p>Esta es la segunda edici\u00f3n de la movilizaci\u00f3n \u201cNo Kings\u201d, tras la celebrada el 14 de junio, que coincidi\u00f3 con el cumplea\u00f1os del mandatario y que -seg\u00fan los organizadores- reuni\u00f3 a unas cinco millones de personas.<\/p>\n\n\n\n<p>La nueva jornada de protestas se desarrolla en un clima de creciente tensi\u00f3n pol\u00edtica, marcado por la decisi\u00f3n de Trump de desplegar militares en varias ciudades gobernadas por la oposici\u00f3n dem\u00f3crata, con el argumento de combatir el crimen y apoyar las labores de los agentes migratorios.<\/p>\n\n\n\n<p>Entre los puntos m\u00e1s emblem\u00e1ticos de concentraci\u00f3n destacan la plaza Times Square, en Nueva York; el Capitolio, en Washington; y el centro de Chicago, donde en las \u00faltimas semanas se han registrado protestas contra las redadas migratorias.<\/p>\n\n\n\n<p>Tambi\u00e9n se convocaron protestas en otras ciudades destacadas como Atlanta, Boston, Honolulu, Houston, Nashville, Nueva Orleans, San Diego o San Francisco. En solidaridad con la convocatoria, este s\u00e1bado, hubo concentraciones en capitales europeas como Berl\u00edn, Par\u00eds y Roma.<\/p>\n\n\n\n<p>Las protestas re\u00fanen una amplia variedad de reivindicaciones, desde la oposici\u00f3n a las redadas migratorias y los recortes en sanidad, hasta el rechazo a la militarizaci\u00f3n de las ciudades o a las modificaciones de los distritos electorales que buscan asegurar una victoria republicana en las elecciones de medio mandato del pr\u00f3ximo a\u00f1o.<\/p>\n\n\n\n<p>Por su parte, Trump pasa la jornada en su mansi\u00f3n privada de Mar-a-Lago, en Florida, sin agenda oficial y prev\u00e9 regresar a Washington el domingo.<\/p>\n\n\n\n<p>Una convocatoria pac\u00edfica<\/p>\n\n\n\n<p>Muchos manifestantes portan banderas estadounidenses y prendas amarillas, un color utilizado en otros movimientos pac\u00edficos -como las protestas de Hong Kong de 2019-, y tambi\u00e9n llevan disfraces de animales para mantener un ambiente relajado.<\/p>\n\n\n\n<p>La plataforma convocante, integrada por unas doscientas organizaciones, subray\u00f3 el car\u00e1cter pac\u00edfico de la movilizaci\u00f3n y record\u00f3 -en su p\u00e1gina web- que est\u00e1n prohibidas las armas.<\/p>\n\n\n\n<p>No obstante, varios l\u00edderes republicanos advirtieron de posibles disturbios y el gobernador de Texas, Gregg Abbott, aliado de Trump, orden\u00f3 el despliegue de la Guardia Nacional en Austin para prevenir actos violentos.<\/p>\n\n\n\n<p>El presidente de la C\u00e1mara de Representantes, el republicano Mike Johnson, calific\u00f3 la manifestaci\u00f3n como una muestra de \u201codio contra Estados Unidos\u201c, liderada -seg\u00fan dijo- por simpatizantes de Ham\u00e1s y miembros del movimiento antifascista (Antifa), declarado recientemente por Trump como grupo terrorista.<\/p>\n\n\n\n<p>El nombre del movimiento \u201cNo Kings\u201d alude a la percepci\u00f3n de que el presidente act\u00faa como un monarca y recuerda que Estados Unidos se fund\u00f3 en 1776 sobre el rechazo al poder absoluto de un soberano.<\/p>\n\n\n\n<p>\u201cDicen que me comporto como un rey. No soy un rey\u201d, afirm\u00f3 Trump en una entrevista con Fox Business publicada el viernes.<\/p>\n\n\n\n<p>El mandatario sugiri\u00f3 adem\u00e1s que los dem\u00f3cratas retrasaron las negociaciones presupuestarias para reabrir la Administraci\u00f3n federal, paralizada desde el 1 de octubre por falta de fondos, con el fin de fomentar la protesta.<\/p>\n\n\n\n<p>Desde la oposici\u00f3n, los dem\u00f3cratas acusan a Trump de poner en riesgo la Primera Enmienda de la Constituci\u00f3n, que protege la libertad de expresi\u00f3n, por su presunto intento de silenciar las manifestaciones y acallar las voces cr\u00edticas.<\/p>\n\n\n\n<p>Uno de los hechos m\u00e1s simb\u00f3licos ocurri\u00f3 cuando la Casa Blanca presion\u00f3 para cancelar el programa del comediante Jimmy Kimmel por sus burlas a la reacci\u00f3n republicana ante el asesinato del activista ultraconsevador y muy cercano a Trump Charlie Kirk, ocurrido en septiembre.<\/p>\n\n\n\n<p>Kimmel, cuyo programa volvi\u00f3 al aire tras una semana de suspensi\u00f3n, compar\u00f3 el jueves la movilizaci\u00f3n \u201cNo Kings\u201d con la Revoluci\u00f3n estadounidense que culmin\u00f3 con la independencia del pa\u00eds.<\/p>\n\n\n\n<p>\u201cNo hay nada m\u00e1s estadounidense que una protesta pol\u00edtica. La Revoluci\u00f3n estadounidense fue una protesta. \u00a1No Kings!\u201d, afirm\u00f3 Kimmel en su mon\u00f3logo.<\/p>\n","protected":false},"excerpt":{"rendered":"<p>Miles de personas salen a las calles en ciudades de todo Estados Unidos, entre ellas&#8230;<\/p>\n","protected":false},"author":1,"featured_media":2004,"comment_status":"open","ping_status":"closed","sticky":false,"template":"","format":"standard","meta":{"footnotes":""},"categories":[15],"tags":[],"class_list":["post-2003","post","type-post","status-publish","format-standard","has-post-thumbnail","hentry","category-internacional"],"_links":{"self":[{"href":"https:\/\/agridulcenoticias.com\/index.php\/wp-json\/wp\/v2\/posts\/2003","targetHints":{"allow":["GET"]}}],"collection":[{"href":"https:\/\/agridulcenoticias.com\/index.php\/wp-json\/wp\/v2\/posts"}],"about":[{"href":"https:\/\/agridulcenoticias.com\/index.php\/wp-json\/wp\/v2\/types\/post"}],"author":[{"embeddable":true,"href":"https:\/\/agridulcenoticias.com\/index.php\/wp-json\/wp\/v2\/users\/1"}],"replies":[{"embeddable":true,"href":"https:\/\/agridulcenoticias.com\/index.php\/wp-json\/wp\/v2\/comments?post=2003"}],"version-history":[{"count":1,"href":"https:\/\/agridulcenoticias.com\/index.php\/wp-json\/wp\/v2\/posts\/2003\/revisions"}],"predecessor-version":[{"id":2005,"href":"https:\/\/agridulcenoticias.com\/index.php\/wp-json\/wp\/v2\/posts\/2003\/revisions\/2005"}],"wp:featuredmedia":[{"embeddable":true,"href":"https:\/\/agridulcenoticias.com\/index.php\/wp-json\/wp\/v2\/media\/2004"}],"wp:attachment":[{"href":"https:\/\/agridulcenoticias.com\/index.php\/wp-json\/wp\/v2\/media?parent=2003"}],"wp:term":[{"taxonomy":"category","embeddable":true,"href":"https:\/\/agridulcenoticias.com\/index.php\/wp-json\/wp\/v2\/categories?post=2003"},{"taxonomy":"post_tag","embeddable":true,"href":"https:\/\/agridulcenoticias.com\/index.php\/wp-json\/wp\/v2\/tags?post=2003"}],"curies":[{"name":"wp","href":"https:\/\/api.w.org\/{rel}","templated":true}]}}