{"id":2006,"date":"2025-10-18T17:19:25","date_gmt":"2025-10-18T23:19:25","guid":{"rendered":"https:\/\/agridulcenoticias.com\/?p=2006"},"modified":"2025-10-18T17:19:27","modified_gmt":"2025-10-18T23:19:27","slug":"mexicanas-bernal-y-becerra-hacen-el-1-2-en-copa-del-mundo-de-tiro-con-arco","status":"publish","type":"post","link":"https:\/\/agridulcenoticias.com\/index.php\/2025\/10\/18\/mexicanas-bernal-y-becerra-hacen-el-1-2-en-copa-del-mundo-de-tiro-con-arco\/","title":{"rendered":"Mexicanas Bernal y Becerra hacen el 1-2 en Copa del Mundo de Tiro con Arco"},"content":{"rendered":"\n<p>M\u00e9xico hace el 1-2 en el podio de arco compuesto femenil dentro de la Copa del Mundo de Tiro con Arco 2025, que se realiza en China<\/p>\n\n\n\n<p>Las arqueras mexicanas Mariana Bernal y Maya Becerra escribieron su nombre en las p\u00e1ginas doradas del deporte nacional, luego de hacer el 1-2 en el podio de compuesto femenil dentro de la Copa del Mundo de Tiro con Arco 2025, que se realiz\u00f3 en Nank\u00edn, China.<\/p>\n\n\n\n<p>Bernal y Becerra disputaron la gloria en un duelo en el que ambas tiraron 11 flechas perfectas consecutivas y que termin\u00f3 igualado a 147 puntos para definir todo en muerte s\u00fabita, donde tambi\u00e9n se logr\u00f3 un 10 por bando, pero con la flecha de Bernal m\u00e1s cerca del centro de la diana.<\/p>\n\n\n\n<p>La atleta de 22 a\u00f1os no solamente subi\u00f3 al podio en territorio asi\u00e1tico, sino que le dio a M\u00e9xico su primer metal dorado en esta prueba desde su creaci\u00f3n en 2006, edici\u00f3n que se llev\u00f3 a cabo en Yucat\u00e1n.<\/p>\n\n\n\n<p>\u201cMe siento muy feliz y afortunada de que la vida me haya dado la oportunidad de representar a M\u00e9xico al m\u00e1ximo nivel. Todo el esfuerzo que he invertido dio frutos\u201d, dijo entre l\u00e1grimas la atleta mexicana.<\/p>\n\n\n\n<p>CAMPEONA! \ud83c\uddf2\ud83c\uddfd\ud83c\udfc6\ud83d\udca5<\/p>\n\n\n\n<p>Mariana Bernal se queda con el t\u00edtulo del Hyundai Archery World Cup en Nanjing. #ArcheryWorldCup pic.twitter.com\/IHnVLKDHjJ<\/p>\n\n\n\n<p>\u2014 World Archery (@worldarchery) October 18, 2025<\/p>\n\n\n\n<p>Adem\u00e1s, las multimedallistas internacionales disputaron apenas la tercera final entre mujeres de la misma naci\u00f3n y especialistas en compuesto. Rusia lo hizo en el citado 2006 y Estados Unidos en 2011, por lo que tambi\u00e9n quedar\u00e1 como un dato hist\u00f3rico.<\/p>\n\n\n\n<p>Con este triunfo en la Copa del Mundo de Tiro con Arco 2025, Bernal cerr\u00f3 una exitosa temporada con tres preseas individuales (dos doradas y una de bronce) y cinco por equipos (cuatro oros y una plata). Mientras que Becerra, n\u00famero uno del orbe, hizo lo propio con seis individuales (cuatro oros y dos platas), cinco por equipos (cuatro oros y una plata) y tres por equipos mixtos (un oro, una plata y un bronce).<\/p>\n","protected":false},"excerpt":{"rendered":"<p>M\u00e9xico hace el 1-2 en el podio de arco compuesto femenil dentro de la Copa&#8230;<\/p>\n","protected":false},"author":1,"featured_media":2007,"comment_status":"open","ping_status":"closed","sticky":false,"template":"","format":"standard","meta":{"footnotes":""},"categories":[6],"tags":[],"class_list":["post-2006","post","type-post","status-publish","format-standard","has-post-thumbnail","hentry","category-deportes"],"_links":{"self":[{"href":"https:\/\/agridulcenoticias.com\/index.php\/wp-json\/wp\/v2\/posts\/2006","targetHints":{"allow":["GET"]}}],"collection":[{"href":"https:\/\/agridulcenoticias.com\/index.php\/wp-json\/wp\/v2\/posts"}],"about":[{"href":"https:\/\/agridulcenoticias.com\/index.php\/wp-json\/wp\/v2\/types\/post"}],"author":[{"embeddable":true,"href":"https:\/\/agridulcenoticias.com\/index.php\/wp-json\/wp\/v2\/users\/1"}],"replies":[{"embeddable":true,"href":"https:\/\/agridulcenoticias.com\/index.php\/wp-json\/wp\/v2\/comments?post=2006"}],"version-history":[{"count":1,"href":"https:\/\/agridulcenoticias.com\/index.php\/wp-json\/wp\/v2\/posts\/2006\/revisions"}],"predecessor-version":[{"id":2008,"href":"https:\/\/agridulcenoticias.com\/index.php\/wp-json\/wp\/v2\/posts\/2006\/revisions\/2008"}],"wp:featuredmedia":[{"embeddable":true,"href":"https:\/\/agridulcenoticias.com\/index.php\/wp-json\/wp\/v2\/media\/2007"}],"wp:attachment":[{"href":"https:\/\/agridulcenoticias.com\/index.php\/wp-json\/wp\/v2\/media?parent=2006"}],"wp:term":[{"taxonomy":"category","embeddable":true,"href":"https:\/\/agridulcenoticias.com\/index.php\/wp-json\/wp\/v2\/categories?post=2006"},{"taxonomy":"post_tag","embeddable":true,"href":"https:\/\/agridulcenoticias.com\/index.php\/wp-json\/wp\/v2\/tags?post=2006"}],"curies":[{"name":"wp","href":"https:\/\/api.w.org\/{rel}","templated":true}]}}