{"id":2024,"date":"2025-10-19T10:10:22","date_gmt":"2025-10-19T16:10:22","guid":{"rendered":"https:\/\/agridulcenoticias.com\/?p=2024"},"modified":"2025-10-20T10:18:32","modified_gmt":"2025-10-20T16:18:32","slug":"rodrigo-paz-sera-el-proximo-presidente-de-bolivia","status":"publish","type":"post","link":"https:\/\/agridulcenoticias.com\/index.php\/2025\/10\/19\/rodrigo-paz-sera-el-proximo-presidente-de-bolivia\/","title":{"rendered":"Rodrigo Paz ser\u00e1 el pr\u00f3ximo presidente de Bolivia"},"content":{"rendered":"\n<p><a><\/a>Rodrigo Paz es candidato por el Partido Dem\u00f3crata Cristiano (PDC) junto al expolic\u00eda Edman Lara<\/p>\n\n\n\n<p>El senador opositor centrista Rodrigo Paz Pereira gan\u00f3 la segunda vuelta de este domingo con el 54.57 % de los votos, seg\u00fan la informaci\u00f3n preliminar difundida por el Tribunal Supremo Electoral (TSE) de Bolivia con poco m\u00e1s del 97 % de las actas procesadas.<\/p>\n\n\n\n<p>Paz obtuvo ese porcentaje frente a un 45.43 % del exmandatario conservador Jorge Tuto Quiroga (2001-2002), seg\u00fan los datos del Sistema de Transmisi\u00f3n de Resultados Preliminares (Sirepre) ofrecidos esta noche por el TSE, con el 97.68 % de las actas computadas.<\/p>\n\n\n\n<p>Los votos v\u00e1lidos alcanzan el 94.56 %, los blancos un 0.75 % y los nulos un 4.69 %, de acuerdo a la informaci\u00f3n preliminar que no es el c\u00f3mputo oficial, aunque el presidente en funciones del TSE, \u00d3scar Hassenteufel, indic\u00f3 que estos resultados muestran \u201cuna tendencia\u201d que \u201cparece ser irreversible\u201c.<\/p>\n\n\n\n<p>Seg\u00fan Hassenteufel, el nivel de participaci\u00f3n ciudadana en la segunda vuelta estuvo entre el 85 y 89 %, un dato que se confirmar\u00e1 \u201cuna vez que se concluya el c\u00f3mputo oficial\u201c.<\/p>\n\n\n\n<p>El vocal valor\u00f3 que el Sirepre, \u201cque ya dio muy buenos resultados en la primera ronda\u201d realizada el pasado 17 de agosto, \u201ctambi\u00e9n hoy ha cumplido eficazmente su funci\u00f3n\u201d.<\/p>\n\n\n\n<p>Rodrigo Paz ser\u00e1 el pr\u00f3ximo presidente de Bolivia &#8211; elecciones-presidenciales-en-bolivia-1024&#215;631<\/p>\n\n\n\n<p>Elecciones presidenciales en Bolivia. Foto de EFE\/ Gabriel M\u00e1rquez<\/p>\n\n\n\n<p>Te puede interesar: El robo en Louvre: realizado en apenas siete minutos, pero con fallos<\/p>\n\n\n\n<p>Ratific\u00f3 que la jornada de votaci\u00f3n fue \u201ctranquila\u201c, transcurri\u00f3 \u201csin incidentes mayores\u201d y permiti\u00f3 que todos los ciudadanos ejerzan su derecho al voto.<\/p>\n\n\n\n<p>Paz y Quiroga fueron los dos candidatos m\u00e1s votados en las elecciones generales de agosto, en las que tambi\u00e9n se renov\u00f3 al Parlamento nacional para el pr\u00f3ximo quinquenio, aunque ninguno obtuvo el porcentaje suficiente para proclamarse vencedor en la primera vuelta.<\/p>\n\n\n\n<p>Por eso este domingo los bolivianos volvieron a las urnas para elegir por primera vez en su historia a su presidente y vicepresidente en una segunda vuelta, mecanismo establecido en la Constituci\u00f3n vigente desde 2009.<\/p>\n\n\n\n<p>Paz es candidato por el Partido Dem\u00f3crata Cristiano (PDC) junto al expolic\u00eda Edman Lara y Quiroga representa a la alianza Libre junto al emprendedor tecnol\u00f3gico Juan Pablo Velasco.<\/p>\n\n\n\n<p>El ganador tomar\u00e1 juramento como nuevo presidente del pa\u00eds el pr\u00f3ximo 8 de noviembre, lo que supondr\u00e1 tambi\u00e9n el fin de los 20 a\u00f1os de los Gobiernos del izquierdista Movimiento al Socialismo (MAS).<\/p>\n","protected":false},"excerpt":{"rendered":"<p>Rodrigo Paz es candidato por el Partido Dem\u00f3crata Cristiano (PDC) junto al expolic\u00eda Edman Lara&#8230;<\/p>\n","protected":false},"author":1,"featured_media":2025,"comment_status":"open","ping_status":"closed","sticky":false,"template":"","format":"standard","meta":{"footnotes":""},"categories":[15],"tags":[],"class_list":["post-2024","post","type-post","status-publish","format-standard","has-post-thumbnail","hentry","category-internacional"],"_links":{"self":[{"href":"https:\/\/agridulcenoticias.com\/index.php\/wp-json\/wp\/v2\/posts\/2024","targetHints":{"allow":["GET"]}}],"collection":[{"href":"https:\/\/agridulcenoticias.com\/index.php\/wp-json\/wp\/v2\/posts"}],"about":[{"href":"https:\/\/agridulcenoticias.com\/index.php\/wp-json\/wp\/v2\/types\/post"}],"author":[{"embeddable":true,"href":"https:\/\/agridulcenoticias.com\/index.php\/wp-json\/wp\/v2\/users\/1"}],"replies":[{"embeddable":true,"href":"https:\/\/agridulcenoticias.com\/index.php\/wp-json\/wp\/v2\/comments?post=2024"}],"version-history":[{"count":1,"href":"https:\/\/agridulcenoticias.com\/index.php\/wp-json\/wp\/v2\/posts\/2024\/revisions"}],"predecessor-version":[{"id":2026,"href":"https:\/\/agridulcenoticias.com\/index.php\/wp-json\/wp\/v2\/posts\/2024\/revisions\/2026"}],"wp:featuredmedia":[{"embeddable":true,"href":"https:\/\/agridulcenoticias.com\/index.php\/wp-json\/wp\/v2\/media\/2025"}],"wp:attachment":[{"href":"https:\/\/agridulcenoticias.com\/index.php\/wp-json\/wp\/v2\/media?parent=2024"}],"wp:term":[{"taxonomy":"category","embeddable":true,"href":"https:\/\/agridulcenoticias.com\/index.php\/wp-json\/wp\/v2\/categories?post=2024"},{"taxonomy":"post_tag","embeddable":true,"href":"https:\/\/agridulcenoticias.com\/index.php\/wp-json\/wp\/v2\/tags?post=2024"}],"curies":[{"name":"wp","href":"https:\/\/api.w.org\/{rel}","templated":true}]}}