{"id":2036,"date":"2025-10-20T20:52:00","date_gmt":"2025-10-21T02:52:00","guid":{"rendered":"https:\/\/agridulcenoticias.com\/?p=2036"},"modified":"2025-10-21T08:55:14","modified_gmt":"2025-10-21T14:55:14","slug":"entregan-gobierno-dif-tamaulipas-y-fundacion-telmex-telcel-bicicletas-del-programa-ayudame-a-llegar","status":"publish","type":"post","link":"https:\/\/agridulcenoticias.com\/index.php\/2025\/10\/20\/entregan-gobierno-dif-tamaulipas-y-fundacion-telmex-telcel-bicicletas-del-programa-ayudame-a-llegar\/","title":{"rendered":"Entregan Gobierno, DIF Tamaulipas y Fundaci\u00f3n Telmex Telcel bicicletas del programa \u201cAy\u00fadame a llegar\u201d"},"content":{"rendered":"\n<p>A trav\u00e9s del esquema \u201cpeso a peso\u201d se beneficia a ni\u00f1as y ni\u00f1os de comunidades prioritarias en siete municipios del estado<\/p>\n\n\n\n<p>Ciudad Victoria, Tamaulipas. Con el prop\u00f3sito de garantizar el bienestar, reducir el ausentismo y la deserci\u00f3n escolar de ni\u00f1as y ni\u00f1os en comunidades de atenci\u00f3n prioritaria, el Gobierno de Tamaulipas, a trav\u00e9s del Sistema DIF Tamaulipas, presidido por la doctora Mar\u00eda de Villarreal, y la Fundaci\u00f3n Telmex Telcel, realizaron la entrega de 100 bicicletas a igual n\u00famero de beneficiarios de siete municipios del estado.<\/p>\n\n\n\n<p>Esta acci\u00f3n forma parte del programa \u201cAy\u00fadame a llegar\u201d, que opera bajo el esquema \u201cpeso a peso\u201d, mediante el cual el Gobierno Estatal y la Fundaci\u00f3n Telmex Telcel aportan recursos de manera conjunta para ampliar el alcance del apoyo y asegurar que m\u00e1s ni\u00f1as y ni\u00f1os puedan trasladarse a sus escuelas de forma segura y oportuna.<\/p>\n\n\n\n<p>Durante el evento, la doctora Mar\u00eda de Villarreal invit\u00f3 a las familias y a la comunidad educativa a seguir sumando esfuerzos por el bienestar de la ni\u00f1ez tamaulipeca.<\/p>\n\n\n\n<p>\u201cLos invito a que todos juntos, sociedad civil, asociaciones y gobierno, podamos trabajar siempre por un mejor Tamaulipas; que todos seamos responsables, as\u00ed como ustedes, que a partir de hoy deber\u00e1n cuidar sus bicicletas para llegar a tiempo a sus escuelas. Esa es parte de la sociedad colaborativa que impulsa el gobernador y que todos necesitamos\u201d, expres\u00f3 la presidenta del DIF Estatal.<\/p>\n\n\n\n<p>En esta ocasi\u00f3n, los beneficios del programa llegaron a ni\u00f1as y ni\u00f1os de los municipios de Bustamante, Jaumave, Miquihuana, Palmillas, Tula, G\u00fc\u00e9mez e Hidalgo, quienes recibieron las bicicletas que facilitar\u00e1n sus traslados diarios hacia sus escuelas.<\/p>\n\n\n\n<p>Por su parte, Jorge Alberto Lam Valle, representante de la Fundaci\u00f3n Telmex Telcel, agradeci\u00f3 al DIF Tamaulipas por la oportunidad de participar en esta labor conjunta y destac\u00f3 la importancia del trabajo colaborativo entre la iniciativa privada y el Gobierno del Estado para apoyar a quienes m\u00e1s lo necesitan.<\/p>\n\n\n\n<p>De esta manera, los Mensajeros de Paz contin\u00faan impulsando acciones que fortalecen las oportunidades de la ni\u00f1ez y la juventud tamaulipeca, promoviendo su acceso a la educaci\u00f3n y a un mejor futuro.<\/p>\n","protected":false},"excerpt":{"rendered":"<p>A trav\u00e9s del esquema \u201cpeso a peso\u201d se beneficia a ni\u00f1as y ni\u00f1os de comunidades&#8230;<\/p>\n","protected":false},"author":1,"featured_media":2037,"comment_status":"open","ping_status":"closed","sticky":false,"template":"","format":"standard","meta":{"footnotes":""},"categories":[5],"tags":[],"class_list":["post-2036","post","type-post","status-publish","format-standard","has-post-thumbnail","hentry","category-tamaulipas"],"_links":{"self":[{"href":"https:\/\/agridulcenoticias.com\/index.php\/wp-json\/wp\/v2\/posts\/2036","targetHints":{"allow":["GET"]}}],"collection":[{"href":"https:\/\/agridulcenoticias.com\/index.php\/wp-json\/wp\/v2\/posts"}],"about":[{"href":"https:\/\/agridulcenoticias.com\/index.php\/wp-json\/wp\/v2\/types\/post"}],"author":[{"embeddable":true,"href":"https:\/\/agridulcenoticias.com\/index.php\/wp-json\/wp\/v2\/users\/1"}],"replies":[{"embeddable":true,"href":"https:\/\/agridulcenoticias.com\/index.php\/wp-json\/wp\/v2\/comments?post=2036"}],"version-history":[{"count":1,"href":"https:\/\/agridulcenoticias.com\/index.php\/wp-json\/wp\/v2\/posts\/2036\/revisions"}],"predecessor-version":[{"id":2038,"href":"https:\/\/agridulcenoticias.com\/index.php\/wp-json\/wp\/v2\/posts\/2036\/revisions\/2038"}],"wp:featuredmedia":[{"embeddable":true,"href":"https:\/\/agridulcenoticias.com\/index.php\/wp-json\/wp\/v2\/media\/2037"}],"wp:attachment":[{"href":"https:\/\/agridulcenoticias.com\/index.php\/wp-json\/wp\/v2\/media?parent=2036"}],"wp:term":[{"taxonomy":"category","embeddable":true,"href":"https:\/\/agridulcenoticias.com\/index.php\/wp-json\/wp\/v2\/categories?post=2036"},{"taxonomy":"post_tag","embeddable":true,"href":"https:\/\/agridulcenoticias.com\/index.php\/wp-json\/wp\/v2\/tags?post=2036"}],"curies":[{"name":"wp","href":"https:\/\/api.w.org\/{rel}","templated":true}]}}