{"id":2051,"date":"2025-10-21T21:55:39","date_gmt":"2025-10-22T03:55:39","guid":{"rendered":"https:\/\/agridulcenoticias.com\/?p=2051"},"modified":"2025-10-21T21:55:41","modified_gmt":"2025-10-22T03:55:41","slug":"secretaria-de-administracion-se-suma-a-colecta-en-apoyo-a-familias-afectadas-por-inundaciones","status":"publish","type":"post","link":"https:\/\/agridulcenoticias.com\/index.php\/2025\/10\/21\/secretaria-de-administracion-se-suma-a-colecta-en-apoyo-a-familias-afectadas-por-inundaciones\/","title":{"rendered":"Secretar\u00eda de Administraci\u00f3n se suma a colecta en apoyo a familias afectadas por inundaciones"},"content":{"rendered":"\n<p>Ciudad Victoria, Tamaulipas.- Siguiendo la pol\u00edtica humanista del gobernador del estado, Am\u00e9rico Villarreal Anaya, y en solidaridad con las familias afectadas por las recientes inundaciones, la Secretar\u00eda de Administraci\u00f3n se sum\u00f3 a la colecta de apoyo destinada a los municipios afectados en Tamaulipas y Veracruz.<\/p>\n\n\n\n<p>El Voluntariado de la Esperanza de la Secretar\u00eda de Administraci\u00f3n hizo entrega de v\u00edveres al Sistema DIF Tamaulipas, organismo encargado de distribuir la ayuda a las comunidades afectadas.<\/p>\n\n\n\n<p>\u201cGracias a la generosa participaci\u00f3n y solidaridad del personal de nuestra dependencia, se recolectaron alimentos no perecederos, productos de higiene personal, agua embotellada y otros insumos de primera necesidad para apoyar a las familias afectadas\u201d, destac\u00f3 Luisa Eugenia Manautou Galv\u00e1n, secretaria de Administraci\u00f3n.<\/p>\n\n\n\n<p>Indic\u00f3 que con estas acciones, la Secretar\u00eda de Administraci\u00f3n reafirma su compromiso de servir a la comunidad, trabajando con responsabilidad y dedicaci\u00f3n para atender las necesidades sociales y promover el bienestar de todas y todos.<\/p>\n","protected":false},"excerpt":{"rendered":"<p>Ciudad Victoria, Tamaulipas.- Siguiendo la pol\u00edtica humanista del gobernador del estado, Am\u00e9rico Villarreal Anaya, y&#8230;<\/p>\n","protected":false},"author":1,"featured_media":2052,"comment_status":"open","ping_status":"closed","sticky":false,"template":"","format":"standard","meta":{"footnotes":""},"categories":[5],"tags":[],"class_list":["post-2051","post","type-post","status-publish","format-standard","has-post-thumbnail","hentry","category-tamaulipas"],"_links":{"self":[{"href":"https:\/\/agridulcenoticias.com\/index.php\/wp-json\/wp\/v2\/posts\/2051","targetHints":{"allow":["GET"]}}],"collection":[{"href":"https:\/\/agridulcenoticias.com\/index.php\/wp-json\/wp\/v2\/posts"}],"about":[{"href":"https:\/\/agridulcenoticias.com\/index.php\/wp-json\/wp\/v2\/types\/post"}],"author":[{"embeddable":true,"href":"https:\/\/agridulcenoticias.com\/index.php\/wp-json\/wp\/v2\/users\/1"}],"replies":[{"embeddable":true,"href":"https:\/\/agridulcenoticias.com\/index.php\/wp-json\/wp\/v2\/comments?post=2051"}],"version-history":[{"count":1,"href":"https:\/\/agridulcenoticias.com\/index.php\/wp-json\/wp\/v2\/posts\/2051\/revisions"}],"predecessor-version":[{"id":2053,"href":"https:\/\/agridulcenoticias.com\/index.php\/wp-json\/wp\/v2\/posts\/2051\/revisions\/2053"}],"wp:featuredmedia":[{"embeddable":true,"href":"https:\/\/agridulcenoticias.com\/index.php\/wp-json\/wp\/v2\/media\/2052"}],"wp:attachment":[{"href":"https:\/\/agridulcenoticias.com\/index.php\/wp-json\/wp\/v2\/media?parent=2051"}],"wp:term":[{"taxonomy":"category","embeddable":true,"href":"https:\/\/agridulcenoticias.com\/index.php\/wp-json\/wp\/v2\/categories?post=2051"},{"taxonomy":"post_tag","embeddable":true,"href":"https:\/\/agridulcenoticias.com\/index.php\/wp-json\/wp\/v2\/tags?post=2051"}],"curies":[{"name":"wp","href":"https:\/\/api.w.org\/{rel}","templated":true}]}}