{"id":2075,"date":"2025-10-21T22:59:45","date_gmt":"2025-10-22T04:59:45","guid":{"rendered":"https:\/\/agridulcenoticias.com\/?p=2075"},"modified":"2025-10-21T22:59:47","modified_gmt":"2025-10-22T04:59:47","slug":"trump-asegura-sobre-su-cumbre-aplazada-con-putin-no-quiero-una-reunion-desperdiciada","status":"publish","type":"post","link":"https:\/\/agridulcenoticias.com\/index.php\/2025\/10\/21\/trump-asegura-sobre-su-cumbre-aplazada-con-putin-no-quiero-una-reunion-desperdiciada\/","title":{"rendered":"Trump asegura sobre su cumbre aplazada con Putin: \u201cno quiero una reuni\u00f3n desperdiciada\u201d"},"content":{"rendered":"\n<p>La Casa Blanca confirm\u00f3 que el encuentro entre Trump y Putin en Budapest no se realizar\u00e1 en un \u201cfuturo inmediato\u201d<\/p>\n\n\n\n<p>El presidente estadounidense, Donald Trump, dijo este martes con respecto al aplazamiento de la esperada cumbre con su hom\u00f3logo ruso, Vlad\u00edmir Putin, que no quiere \u201cuna reuni\u00f3n desperdiciada\u201d, en referencia a las dificultades para lograr un acercamiento entre Mosc\u00fa y Kiev.<\/p>\n\n\n\n<p>\u201cNo quiero una reuni\u00f3n in\u00fatil. No quiero perder el tiempo\u201d, dijo Trump al ser preguntado por periodistas en la Casa Blanca acerca de los motivos del retraso de su encuentro con Putin, previsto inicialmente para dentro de unas dos semanas, e insisti\u00f3 tambi\u00e9n en que Rusia y Ucrania deber\u00edan replegar tropas simplemente para poner freno a la matanza.<\/p>\n\n\n\n<p>\u201cVayan a la l\u00ednea de batalla. A las l\u00edneas del campo de batalla. Y se retiran y regresan a casa, y todos se toman un descanso, porque hay dos pa\u00edses que se est\u00e1n matando mutuamente\u201d, dijo el republicano durante un acto en la oficina presidencial estadounidense para celebrar la festividad india del Diwali.<\/p>\n\n\n\n<p>Trump asegur\u00f3 que notificar\u00e1 p\u00fablicamente nuevos avances en este terreno \u201cen los pr\u00f3ximos dos d\u00edas\u201d, ya que, seg\u00fan \u00e9l, \u201cest\u00e1n sucediendo muchas cosas\u201d en el frente diplom\u00e1tico.<\/p>\n\n\n\n<p>La Casa Blanca confirm\u00f3 hoy mismo que el encuentro entre Trump y Putin previsto en Budapest para finales de octubre no tendr\u00e1 lugar en un \u201cfuturo inmediato\u201d.<\/p>\n\n\n\n<p>El anuncio lleg\u00f3 tras una llamada mantenida entre el secretario de Estado de EE.UU., Marco Rubio, y el ministro de Asuntos Exteriores ruso, Sergu\u00e9i Lavrov, y tambi\u00e9n d\u00edas despu\u00e9s de un bronco encuentro en la Casa Blanca entre Trump y el presidente ucraniano, Volod\u00edmir Zelenski, en la que el l\u00edder estadounidense trat\u00f3 aparentemente de que Kiev aceptara las condiciones de Mosc\u00fa para un alto el fuego.<\/p>\n\n\n\n<p>No obstante, Trump mantuvo hoy el optimismo diciendo: \u201cCreo que Putin quiere que (la guerra) termine, y creo que Zelenski quiere que termine y yo pienso que va a terminar\u201d<\/p>\n\n\n\n<p>Durante el evento de hoy, en el que participaron destacados miembros de la comunidad india en EE.UU., Trump tambi\u00e9n volvi\u00f3 a insistir en que Delhi se ha comprometido a dejar de comprar crudo ruso de manera paulatina y que as\u00ed se lo asegur\u00f3 hoy mismo en una llamada telef\u00f3nica el presidente indio, Narendra Modi.<\/p>\n","protected":false},"excerpt":{"rendered":"<p>La Casa Blanca confirm\u00f3 que el encuentro entre Trump y Putin en Budapest no se&#8230;<\/p>\n","protected":false},"author":1,"featured_media":2076,"comment_status":"open","ping_status":"closed","sticky":false,"template":"","format":"standard","meta":{"footnotes":""},"categories":[15],"tags":[],"class_list":["post-2075","post","type-post","status-publish","format-standard","has-post-thumbnail","hentry","category-internacional"],"_links":{"self":[{"href":"https:\/\/agridulcenoticias.com\/index.php\/wp-json\/wp\/v2\/posts\/2075","targetHints":{"allow":["GET"]}}],"collection":[{"href":"https:\/\/agridulcenoticias.com\/index.php\/wp-json\/wp\/v2\/posts"}],"about":[{"href":"https:\/\/agridulcenoticias.com\/index.php\/wp-json\/wp\/v2\/types\/post"}],"author":[{"embeddable":true,"href":"https:\/\/agridulcenoticias.com\/index.php\/wp-json\/wp\/v2\/users\/1"}],"replies":[{"embeddable":true,"href":"https:\/\/agridulcenoticias.com\/index.php\/wp-json\/wp\/v2\/comments?post=2075"}],"version-history":[{"count":1,"href":"https:\/\/agridulcenoticias.com\/index.php\/wp-json\/wp\/v2\/posts\/2075\/revisions"}],"predecessor-version":[{"id":2077,"href":"https:\/\/agridulcenoticias.com\/index.php\/wp-json\/wp\/v2\/posts\/2075\/revisions\/2077"}],"wp:featuredmedia":[{"embeddable":true,"href":"https:\/\/agridulcenoticias.com\/index.php\/wp-json\/wp\/v2\/media\/2076"}],"wp:attachment":[{"href":"https:\/\/agridulcenoticias.com\/index.php\/wp-json\/wp\/v2\/media?parent=2075"}],"wp:term":[{"taxonomy":"category","embeddable":true,"href":"https:\/\/agridulcenoticias.com\/index.php\/wp-json\/wp\/v2\/categories?post=2075"},{"taxonomy":"post_tag","embeddable":true,"href":"https:\/\/agridulcenoticias.com\/index.php\/wp-json\/wp\/v2\/tags?post=2075"}],"curies":[{"name":"wp","href":"https:\/\/api.w.org\/{rel}","templated":true}]}}