{"id":2102,"date":"2025-10-22T11:00:42","date_gmt":"2025-10-22T17:00:42","guid":{"rendered":"https:\/\/agridulcenoticias.com\/?p=2102"},"modified":"2025-10-23T11:03:59","modified_gmt":"2025-10-23T17:03:59","slug":"ee-uu-ataca-otra-supuesta-narcolancha-ahora-frente-a-costas-de-colombia-en-el-pacifico","status":"publish","type":"post","link":"https:\/\/agridulcenoticias.com\/index.php\/2025\/10\/22\/ee-uu-ataca-otra-supuesta-narcolancha-ahora-frente-a-costas-de-colombia-en-el-pacifico\/","title":{"rendered":"EE.UU. ataca otra supuesta \u2018narcolancha\u2019, ahora frente a costas de Colombia en el Pac\u00edfico"},"content":{"rendered":"\n<p>El ataque ataque contra otra \u2018narcolancha\u2019 en el Pac\u00edfico colombiano ocurri\u00f3 la noche del martes 21 de octubre, detallaron medios de EE.UU.<\/p>\n\n\n\n<p>octubre 22, 2025<\/p>\n\n\n\n<p>El Ej\u00e9rcito de <strong>Estados Unidos<\/strong> atac\u00f3 a otra supuesta <em><strong>narcolancha<\/strong><\/em>, esta vez frente a las costas de <strong>Colombia<\/strong> en el <strong>Pac\u00edfico oriental<\/strong>, en una expansi\u00f3n de sus operaciones en el Caribe para frustrar el tr\u00e1fico de drogas hacia la Uni\u00f3n Americana, seg\u00fan reportan medios estadounidenses este mi\u00e9rcoles 22 de octubre de 2025.<\/p>\n\n\n\n<p>En el ataque, ocurrido la noche del martes 21 de octubre, murieron dos o tres personas que se encontraban a bordo del nav\u00edo, de acuerdo con un funcionario estadounidense citado por <a href=\"https:\/\/www.nytimes.com\/live\/2025\/10\/22\/us\/trump-news\" target=\"_blank\" rel=\"noreferrer noopener\">The New York Times.<\/a><\/p>\n","protected":false},"excerpt":{"rendered":"<p>El ataque ataque contra otra \u2018narcolancha\u2019 en el Pac\u00edfico colombiano ocurri\u00f3 la noche del martes&#8230;<\/p>\n","protected":false},"author":1,"featured_media":2103,"comment_status":"open","ping_status":"closed","sticky":false,"template":"","format":"standard","meta":{"footnotes":""},"categories":[15],"tags":[],"class_list":["post-2102","post","type-post","status-publish","format-standard","has-post-thumbnail","hentry","category-internacional"],"_links":{"self":[{"href":"https:\/\/agridulcenoticias.com\/index.php\/wp-json\/wp\/v2\/posts\/2102","targetHints":{"allow":["GET"]}}],"collection":[{"href":"https:\/\/agridulcenoticias.com\/index.php\/wp-json\/wp\/v2\/posts"}],"about":[{"href":"https:\/\/agridulcenoticias.com\/index.php\/wp-json\/wp\/v2\/types\/post"}],"author":[{"embeddable":true,"href":"https:\/\/agridulcenoticias.com\/index.php\/wp-json\/wp\/v2\/users\/1"}],"replies":[{"embeddable":true,"href":"https:\/\/agridulcenoticias.com\/index.php\/wp-json\/wp\/v2\/comments?post=2102"}],"version-history":[{"count":1,"href":"https:\/\/agridulcenoticias.com\/index.php\/wp-json\/wp\/v2\/posts\/2102\/revisions"}],"predecessor-version":[{"id":2104,"href":"https:\/\/agridulcenoticias.com\/index.php\/wp-json\/wp\/v2\/posts\/2102\/revisions\/2104"}],"wp:featuredmedia":[{"embeddable":true,"href":"https:\/\/agridulcenoticias.com\/index.php\/wp-json\/wp\/v2\/media\/2103"}],"wp:attachment":[{"href":"https:\/\/agridulcenoticias.com\/index.php\/wp-json\/wp\/v2\/media?parent=2102"}],"wp:term":[{"taxonomy":"category","embeddable":true,"href":"https:\/\/agridulcenoticias.com\/index.php\/wp-json\/wp\/v2\/categories?post=2102"},{"taxonomy":"post_tag","embeddable":true,"href":"https:\/\/agridulcenoticias.com\/index.php\/wp-json\/wp\/v2\/tags?post=2102"}],"curies":[{"name":"wp","href":"https:\/\/api.w.org\/{rel}","templated":true}]}}