{"id":2110,"date":"2025-10-23T22:26:31","date_gmt":"2025-10-24T04:26:31","guid":{"rendered":"https:\/\/agridulcenoticias.com\/?p=2110"},"modified":"2025-10-24T22:31:47","modified_gmt":"2025-10-25T04:31:47","slug":"fortalecen-salud-y-uat-vinculacion-impulsan-programas-de-prevencion","status":"publish","type":"post","link":"https:\/\/agridulcenoticias.com\/index.php\/2025\/10\/23\/fortalecen-salud-y-uat-vinculacion-impulsan-programas-de-prevencion\/","title":{"rendered":"Fortalecen Salud y UAT vinculaci\u00f3n; impulsan programas de prevenci\u00f3n"},"content":{"rendered":"\n<p>Octubre 23 de 2025<\/p>\n\n\n\n<p>Ciudad Victoria Tamaulipas.- El Gobierno del Estado a trav\u00e9s de la Secretar\u00eda de Salud, fortalece la vinculaci\u00f3n interinstitucional con la Universidad Aut\u00f3noma de Tamaulipas, mediante pr\u00e1cticas y proyectos universitarios para promover la prevenci\u00f3n, atenci\u00f3n y cuidado de la salud de la poblaci\u00f3n tamaulipeca.<\/p>\n\n\n\n<p>En representaci\u00f3n del secretario de Salud, Vicente Joel Hern\u00e1ndez Navarro, el director de Medicina de Estilo de Vida, Lujhon Guillermo Flores Guti\u00e9rrez, destac\u00f3 que, a esta instituci\u00f3n le complace que desde la Facultad de Derecho y Comunicaci\u00f3n de Victoria, se produzca informaci\u00f3n en favor de la salud, \u201ces informaci\u00f3n con fundamento, veraz y contratado, que realmente puede ayudar a las personas a tomar decisiones en cuanto al cuidado de su salud\u201d.<\/p>\n\n\n\n<p>Dijo que, en este marco de colaboraci\u00f3n, lo m\u00e1s importante es que se cumple el prop\u00f3sito de la carrera de comunicaci\u00f3n que es producir informaci\u00f3n que llegue a las personas y que contribuya a construir salud y bienestar de la poblaci\u00f3n lo que en gran medida se facilita con este tipo de acciones que los estudiantes y acad\u00e9micos realizan.<\/p>\n\n\n\n<p>Por su parte el coordinador del Servicio Nacional de Salud P\u00fablica, Ra\u00fal Huidobro Guevara, reconoci\u00f3 el trabajo que se realiza de manera conjunta entre la UAT y la Secretar\u00eda de Salud y para impulsar las acciones y desarrollar estrategias que beneficien a la poblaci\u00f3n tanto en la atenci\u00f3n m\u00e9dica como en programas preventivos que impactan en favor de las y los tamaulipecos.<\/p>\n\n\n\n<p>El evento de Vinculaci\u00f3n Acad\u00e9mica Interinstitucional, forma parte de un proyecto de formaci\u00f3n integral impulsado por el cuerpo acad\u00e9mico (UAT-A-205) de Comunicaci\u00f3n Responsable para el Desarrollo Sostenible y Humanista en el que participan las doctoras Mirna Leticia Santoyo Caamal y Mar\u00eda de Jes\u00fas Hern\u00e1ndez Rangel; el doctor Jair Nisan Bajonero Santill\u00e1n, con la colaboraci\u00f3n de las maestras Eliete Alejandra Coronado Rojano y Trinidad Leticia Castillo Rend\u00f3n; cada docente e investigador con sus grupos y asignaturas en la licenciatura en Ciencias de la Comunicaci\u00f3n.<\/p>\n\n\n\n<p>Como productos comunicativos de responsabilidad social universitaria se presentaron m\u00e1s de un centenar de actividades como noticias, carteles, promocionales y productos para redes sociales y plataformas digitales con temas conmemorativos a la Semana Nacional de Salud P\u00fablica; Mes de la Prevenci\u00f3n del Suicidio; mensajes preventivos y de atenci\u00f3n a la salud mental; lactancia materna; enfermedades de transmisi\u00f3n sexual; entre otros.<\/p>\n\n\n\n<p>La participaci\u00f3n de los estudiantes universitarios se formaliz\u00f3 con la presentaci\u00f3n de sus trabajos elaborados durante el semestre y la exposici\u00f3n de sus experiencias colaborativas en este proyecto de formaci\u00f3n integral que es la suma de la comunicaci\u00f3n y la responsabilidad social en actividades inclusivas y orientadoras dirigidas a la comunidad, principalmente de las redes sociales.<\/p>\n\n\n\n<p>A esta reuni\u00f3n de trabajo asisti\u00f3 el secretario Acad\u00e9mico de la Facultad de Derecho y Ciencias Sociales, Fernando Gerardo Quintanilla de la Fuente, en representaci\u00f3n del director de la FDCSV, Edy Izaguirre Trevi\u00f1o.<\/p>\n","protected":false},"excerpt":{"rendered":"<p>Octubre 23 de 2025 Ciudad Victoria Tamaulipas.- El Gobierno del Estado a trav\u00e9s de la&#8230;<\/p>\n","protected":false},"author":1,"featured_media":2111,"comment_status":"open","ping_status":"closed","sticky":false,"template":"","format":"standard","meta":{"footnotes":""},"categories":[5],"tags":[],"class_list":["post-2110","post","type-post","status-publish","format-standard","has-post-thumbnail","hentry","category-tamaulipas"],"_links":{"self":[{"href":"https:\/\/agridulcenoticias.com\/index.php\/wp-json\/wp\/v2\/posts\/2110","targetHints":{"allow":["GET"]}}],"collection":[{"href":"https:\/\/agridulcenoticias.com\/index.php\/wp-json\/wp\/v2\/posts"}],"about":[{"href":"https:\/\/agridulcenoticias.com\/index.php\/wp-json\/wp\/v2\/types\/post"}],"author":[{"embeddable":true,"href":"https:\/\/agridulcenoticias.com\/index.php\/wp-json\/wp\/v2\/users\/1"}],"replies":[{"embeddable":true,"href":"https:\/\/agridulcenoticias.com\/index.php\/wp-json\/wp\/v2\/comments?post=2110"}],"version-history":[{"count":1,"href":"https:\/\/agridulcenoticias.com\/index.php\/wp-json\/wp\/v2\/posts\/2110\/revisions"}],"predecessor-version":[{"id":2112,"href":"https:\/\/agridulcenoticias.com\/index.php\/wp-json\/wp\/v2\/posts\/2110\/revisions\/2112"}],"wp:featuredmedia":[{"embeddable":true,"href":"https:\/\/agridulcenoticias.com\/index.php\/wp-json\/wp\/v2\/media\/2111"}],"wp:attachment":[{"href":"https:\/\/agridulcenoticias.com\/index.php\/wp-json\/wp\/v2\/media?parent=2110"}],"wp:term":[{"taxonomy":"category","embeddable":true,"href":"https:\/\/agridulcenoticias.com\/index.php\/wp-json\/wp\/v2\/categories?post=2110"},{"taxonomy":"post_tag","embeddable":true,"href":"https:\/\/agridulcenoticias.com\/index.php\/wp-json\/wp\/v2\/tags?post=2110"}],"curies":[{"name":"wp","href":"https:\/\/api.w.org\/{rel}","templated":true}]}}