{"id":2128,"date":"2025-10-23T23:34:41","date_gmt":"2025-10-24T05:34:41","guid":{"rendered":"https:\/\/agridulcenoticias.com\/?p=2128"},"modified":"2025-10-24T23:47:33","modified_gmt":"2025-10-25T05:47:33","slug":"sheinbaum-visita-alamo-y-promete-apoyo-total-a-familias-afectadas-por-lluvias","status":"publish","type":"post","link":"https:\/\/agridulcenoticias.com\/index.php\/2025\/10\/23\/sheinbaum-visita-alamo-y-promete-apoyo-total-a-familias-afectadas-por-lluvias\/","title":{"rendered":"Sheinbaum visita \u00c1lamo y promete apoyo total a familias afectadas por lluvias"},"content":{"rendered":"\n<p>\u201cEscuchamos y atendemos las necesidades de todas las familias afectadas. No est\u00e1n solas\u201d, dijo Sheinbaum en su visita al municipio de \u00c1lamo<\/p>\n\n\n\n<p>octubre 23, 2025<\/p>\n\n\n\n<p>La presidenta Claudia Sheinbaum recorri\u00f3 este jueves el municipio de \u00c1lamo, Veracruz, donde asegur\u00f3 que el Gobierno de M\u00e9xico atiende directamente a las familias damnificadas por las intensas lluvias del 9 y 10 de octubre.<\/p>\n\n\n\n<p>\u201cEscuchamos y atendemos las necesidades de todas las familias afectadas por lluvias. No est\u00e1n solas\u201d, expres\u00f3 la mandataria durante su visita al centro de entrega de apoyos, acompa\u00f1ada por la gobernadora Roc\u00edo Nahle, la secretaria de Bienestar, Ariadna Montiel y el coordinador de Programas para el Bienestar, Carlos Torres Rosas.<\/p>\n\n\n\n<p>Leer tambi\u00e9n: Asesinan a comerciante de naranja en \u00c1lamo Temapache, Veracruz<\/p>\n\n\n\n<p>Sheinbaum tambi\u00e9n visit\u00f3 Poza Rica, donde supervis\u00f3 un M\u00f3dulo del Bienestar y reiter\u00f3 que su gobierno permanecer\u00e1 en las zonas afectadas hasta garantizar que todas las familias reciban atenci\u00f3n. M\u00e1s tarde, se trasladar\u00e1 a Puebla para encabezar labores de limpieza y entrega de apoyos directos.<\/p>\n\n\n\n<p>En \u00c1lamo, Veracruz, visitamos el centro de entrega de apoyos. Escuchamos y atendemos las necesidades de todas familias afectadas por lluvias. No est\u00e1n solas. pic.twitter.com\/OdE1eyVTxC<\/p>\n\n\n\n<p>\u2014 Claudia Sheinbaum Pardo (@Claudiashein) October 23, 2025<\/p>\n","protected":false},"excerpt":{"rendered":"<p>\u201cEscuchamos y atendemos las necesidades de todas las familias afectadas. No est\u00e1n solas\u201d, dijo Sheinbaum&#8230;<\/p>\n","protected":false},"author":1,"featured_media":2129,"comment_status":"open","ping_status":"closed","sticky":false,"template":"","format":"standard","meta":{"footnotes":""},"categories":[14],"tags":[],"class_list":["post-2128","post","type-post","status-publish","format-standard","has-post-thumbnail","hentry","category-nacional"],"_links":{"self":[{"href":"https:\/\/agridulcenoticias.com\/index.php\/wp-json\/wp\/v2\/posts\/2128","targetHints":{"allow":["GET"]}}],"collection":[{"href":"https:\/\/agridulcenoticias.com\/index.php\/wp-json\/wp\/v2\/posts"}],"about":[{"href":"https:\/\/agridulcenoticias.com\/index.php\/wp-json\/wp\/v2\/types\/post"}],"author":[{"embeddable":true,"href":"https:\/\/agridulcenoticias.com\/index.php\/wp-json\/wp\/v2\/users\/1"}],"replies":[{"embeddable":true,"href":"https:\/\/agridulcenoticias.com\/index.php\/wp-json\/wp\/v2\/comments?post=2128"}],"version-history":[{"count":1,"href":"https:\/\/agridulcenoticias.com\/index.php\/wp-json\/wp\/v2\/posts\/2128\/revisions"}],"predecessor-version":[{"id":2130,"href":"https:\/\/agridulcenoticias.com\/index.php\/wp-json\/wp\/v2\/posts\/2128\/revisions\/2130"}],"wp:featuredmedia":[{"embeddable":true,"href":"https:\/\/agridulcenoticias.com\/index.php\/wp-json\/wp\/v2\/media\/2129"}],"wp:attachment":[{"href":"https:\/\/agridulcenoticias.com\/index.php\/wp-json\/wp\/v2\/media?parent=2128"}],"wp:term":[{"taxonomy":"category","embeddable":true,"href":"https:\/\/agridulcenoticias.com\/index.php\/wp-json\/wp\/v2\/categories?post=2128"},{"taxonomy":"post_tag","embeddable":true,"href":"https:\/\/agridulcenoticias.com\/index.php\/wp-json\/wp\/v2\/tags?post=2128"}],"curies":[{"name":"wp","href":"https:\/\/api.w.org\/{rel}","templated":true}]}}