{"id":2138,"date":"2025-10-24T10:02:11","date_gmt":"2025-10-24T16:02:11","guid":{"rendered":"https:\/\/agridulcenoticias.com\/?p=2138"},"modified":"2025-10-25T10:05:51","modified_gmt":"2025-10-25T16:05:51","slug":"guardia-estatal-de-genero-imparte-talleres-contra-el-acoso-y-la-violencia-a-estudiantes-de-reynosa-y-mante","status":"publish","type":"post","link":"https:\/\/agridulcenoticias.com\/index.php\/2025\/10\/24\/guardia-estatal-de-genero-imparte-talleres-contra-el-acoso-y-la-violencia-a-estudiantes-de-reynosa-y-mante\/","title":{"rendered":"Guardia Estatal de G\u00e9nero imparte talleres contra el acoso y la violencia a estudiantes de Reynosa y Mante"},"content":{"rendered":"\n<p>-Promueven la construcci\u00f3n de entornos seguros y libres de acoso en las escuelas<\/p>\n\n\n\n<p>Reynosa, Tamaulipas.- Personal de la Guardia Estatal de G\u00e9nero contin\u00faa reforzando la prevenci\u00f3n de la violencia en las escuelas, al impartir talleres informativos en planteles de Reynosa y El Mante, donde m\u00e1s de 200 estudiantes participaron en actividades sobre acoso, ciberbullying y respeto.<\/p>\n\n\n\n<p>En la Escuela Primaria \u201cLa Corregidora\u201d, ubicada en la colonia La Escondida de Reynosa, personal de la Unidad M\u00f3vil Especializada en Atenci\u00f3n a la Violencia (UMEAV) ofreci\u00f3 una pl\u00e1tica dirigida a ni\u00f1as, ni\u00f1os, as\u00ed como a los docentes, con el objetivo de fortalecer la cultura de la prevenci\u00f3n y el respeto dentro del aula.<\/p>\n\n\n\n<p>Durante el taller, se abordaron los temas como el Ciberbullying y Acoso Escolar, donde las y los alumnos recibieron orientaci\u00f3n sobre c\u00f3mo identificar conductas de riesgo y hacer uso adecuado de los n\u00fameros de emergencia 911 y 089.<\/p>\n\n\n\n<p>En el municipio de El Mante, la UMEAV imparti\u00f3 el taller \u201cBullying y Ciberbullying\u201d en la Telesecundaria Ricardo Flores Mag\u00f3n No. 33, en el ejido Las Aztecas, con la participaci\u00f3n de m\u00e1s de 160 alumnos.<\/p>\n\n\n\n<p>Los elementos de la Guardia Estatal promovieron la reflexi\u00f3n sobre el respeto y la empat\u00eda como base de la convivencia escolar, adem\u00e1s de responder preguntas y generar din\u00e1micas con los grupos de primero a tercer grado.<\/p>\n\n\n\n<p>Con estas acciones, la Secretar\u00eda de Seguridad P\u00fablica de Tamaulipas (SSPT) reafirma su compromiso con la prevenci\u00f3n de la violencia en ni\u00f1as, ni\u00f1os y adolescentes, promoviendo la construcci\u00f3n de entornos seguros y libres de acoso en las escuelas.<\/p>\n","protected":false},"excerpt":{"rendered":"<p>-Promueven la construcci\u00f3n de entornos seguros y libres de acoso en las escuelas Reynosa, Tamaulipas.-&#8230;<\/p>\n","protected":false},"author":1,"featured_media":2139,"comment_status":"open","ping_status":"closed","sticky":false,"template":"","format":"standard","meta":{"footnotes":""},"categories":[5],"tags":[],"class_list":["post-2138","post","type-post","status-publish","format-standard","has-post-thumbnail","hentry","category-tamaulipas"],"_links":{"self":[{"href":"https:\/\/agridulcenoticias.com\/index.php\/wp-json\/wp\/v2\/posts\/2138","targetHints":{"allow":["GET"]}}],"collection":[{"href":"https:\/\/agridulcenoticias.com\/index.php\/wp-json\/wp\/v2\/posts"}],"about":[{"href":"https:\/\/agridulcenoticias.com\/index.php\/wp-json\/wp\/v2\/types\/post"}],"author":[{"embeddable":true,"href":"https:\/\/agridulcenoticias.com\/index.php\/wp-json\/wp\/v2\/users\/1"}],"replies":[{"embeddable":true,"href":"https:\/\/agridulcenoticias.com\/index.php\/wp-json\/wp\/v2\/comments?post=2138"}],"version-history":[{"count":1,"href":"https:\/\/agridulcenoticias.com\/index.php\/wp-json\/wp\/v2\/posts\/2138\/revisions"}],"predecessor-version":[{"id":2140,"href":"https:\/\/agridulcenoticias.com\/index.php\/wp-json\/wp\/v2\/posts\/2138\/revisions\/2140"}],"wp:featuredmedia":[{"embeddable":true,"href":"https:\/\/agridulcenoticias.com\/index.php\/wp-json\/wp\/v2\/media\/2139"}],"wp:attachment":[{"href":"https:\/\/agridulcenoticias.com\/index.php\/wp-json\/wp\/v2\/media?parent=2138"}],"wp:term":[{"taxonomy":"category","embeddable":true,"href":"https:\/\/agridulcenoticias.com\/index.php\/wp-json\/wp\/v2\/categories?post=2138"},{"taxonomy":"post_tag","embeddable":true,"href":"https:\/\/agridulcenoticias.com\/index.php\/wp-json\/wp\/v2\/tags?post=2138"}],"curies":[{"name":"wp","href":"https:\/\/api.w.org\/{rel}","templated":true}]}}