{"id":2141,"date":"2025-10-24T10:06:22","date_gmt":"2025-10-24T16:06:22","guid":{"rendered":"https:\/\/agridulcenoticias.com\/?p=2141"},"modified":"2025-10-25T10:08:55","modified_gmt":"2025-10-25T16:08:55","slug":"realiza-sst-primer-seminario-de-investigacion-en-enfermeria","status":"publish","type":"post","link":"https:\/\/agridulcenoticias.com\/index.php\/2025\/10\/24\/realiza-sst-primer-seminario-de-investigacion-en-enfermeria\/","title":{"rendered":"Realiza SST Primer Seminario de Investigaci\u00f3n en Enfermer\u00eda"},"content":{"rendered":"\n<p>Ciudad Victoria, Tamaulipas.- Para propiciar espacios para la difusi\u00f3n, compartir experiencias y motivar la elaboraci\u00f3n de proyectos de investigaci\u00f3n, el secretario de Salud, Vicente Joel Hern\u00e1ndez Navarro, inaugur\u00f3 los trabajos del Primer Seminario de Investigaci\u00f3n en Enfermer\u00eda, que lleva como lema \u201cImpulsando la Investigaci\u00f3n para un Cuidado de Calidad\u201d, el cual es coordinado por la Unidad de Enfermer\u00eda de la Secretar\u00eda de Salud.<\/p>\n\n\n\n<p>Al formar parte de las actividades preventivas del mes de concientizaci\u00f3n de Lucha contra el C\u00e1ncer de Mama, se llev\u00f3 a cabo este seminario en el que se busca realizar actividades integrales y complementarias que empoderen al personal de enfermer\u00eda para ejercer un verdadero liderazgo en el campo de la investigaci\u00f3n y en la toma de decisiones para la atenci\u00f3n de los pacientes.<\/p>\n\n\n\n<p>\u201cSabemos que la enfermer\u00eda forma una parte fundamental en el desarrollo de cada una de las unidades de salud, as\u00ed como en la atenci\u00f3n de los pacientes, por ello el gobierno del doctor Am\u00e9rico Villarreal Anaya, fomenta espacios en los que el personal de enfermer\u00eda lidere los procesos de atenci\u00f3n y en esta caso los de investigaci\u00f3n, y que su trabajo se vea plasmado no solo en un documento, sino en la mejora de la calidad de los servicios y el cuidado de los pacientes\u201d, destac\u00f3 Hern\u00e1ndez Navarro durante su discurso.<\/p>\n\n\n\n<p>Por su parte la directora General de la Unidad de Enfermer\u00eda, Irma Barrag\u00e1n Alvarado, agradeci\u00f3 el espacio para realizar este tipo de eventos en el que el objetivo principal es el cuidado de los pacientes y \u201cel cuidado es evidencia cient\u00edfica que no solo la realiza una persona, sino un equipo multidisciplinario bien sustentado\u201d.<\/p>\n\n\n\n<p>\u201cEn enfermer\u00eda tenemos un compromiso constante para transmitir nuestro alcance y cada paciente atendido y desaf\u00edo que presentamos, nos da patrones para reconocer datos, y patrones para mejorar el conocimiento del ma\u00f1ana. El futuro de la enfermer\u00eda no solo es el cuidado, tambi\u00e9n es la investigaci\u00f3n, el liderazgo, la transformaci\u00f3n de la salud, el desarrollo de nuevos protocolos para evaluar tecnolog\u00edas y asegurar un acceso equitativo a una atenci\u00f3n de calidad basada en ciencia\u201d, destac\u00f3 Barrag\u00e1n Alvarado.<\/p>\n\n\n\n<p>El evento, que se llev\u00f3 a cabo en las instalaciones del Instituto de Ciencias y Estudios Superiores de Tamaulipas (ICEST), se organiz\u00f3 el tradicional lazo humano que representa la conmemoraci\u00f3n de la lucha contra el c\u00e1ncer de mama, y se cont\u00f3 con la asistencia de la directora del plantel, Edna Hinojosa Rubio; la directora de Desarrollo Sectorial de Enfermer\u00eda, Patricia Rivera V\u00e1zquez; as\u00ed como personal de enfermer\u00eda de las dependencias del sector Salud.<\/p>\n","protected":false},"excerpt":{"rendered":"<p>Ciudad Victoria, Tamaulipas.- Para propiciar espacios para la difusi\u00f3n, compartir experiencias y motivar la elaboraci\u00f3n&#8230;<\/p>\n","protected":false},"author":1,"featured_media":2142,"comment_status":"open","ping_status":"closed","sticky":false,"template":"","format":"standard","meta":{"footnotes":""},"categories":[5],"tags":[],"class_list":["post-2141","post","type-post","status-publish","format-standard","has-post-thumbnail","hentry","category-tamaulipas"],"_links":{"self":[{"href":"https:\/\/agridulcenoticias.com\/index.php\/wp-json\/wp\/v2\/posts\/2141","targetHints":{"allow":["GET"]}}],"collection":[{"href":"https:\/\/agridulcenoticias.com\/index.php\/wp-json\/wp\/v2\/posts"}],"about":[{"href":"https:\/\/agridulcenoticias.com\/index.php\/wp-json\/wp\/v2\/types\/post"}],"author":[{"embeddable":true,"href":"https:\/\/agridulcenoticias.com\/index.php\/wp-json\/wp\/v2\/users\/1"}],"replies":[{"embeddable":true,"href":"https:\/\/agridulcenoticias.com\/index.php\/wp-json\/wp\/v2\/comments?post=2141"}],"version-history":[{"count":1,"href":"https:\/\/agridulcenoticias.com\/index.php\/wp-json\/wp\/v2\/posts\/2141\/revisions"}],"predecessor-version":[{"id":2143,"href":"https:\/\/agridulcenoticias.com\/index.php\/wp-json\/wp\/v2\/posts\/2141\/revisions\/2143"}],"wp:featuredmedia":[{"embeddable":true,"href":"https:\/\/agridulcenoticias.com\/index.php\/wp-json\/wp\/v2\/media\/2142"}],"wp:attachment":[{"href":"https:\/\/agridulcenoticias.com\/index.php\/wp-json\/wp\/v2\/media?parent=2141"}],"wp:term":[{"taxonomy":"category","embeddable":true,"href":"https:\/\/agridulcenoticias.com\/index.php\/wp-json\/wp\/v2\/categories?post=2141"},{"taxonomy":"post_tag","embeddable":true,"href":"https:\/\/agridulcenoticias.com\/index.php\/wp-json\/wp\/v2\/tags?post=2141"}],"curies":[{"name":"wp","href":"https:\/\/api.w.org\/{rel}","templated":true}]}}