{"id":2165,"date":"2025-10-24T10:57:00","date_gmt":"2025-10-24T16:57:00","guid":{"rendered":"https:\/\/agridulcenoticias.com\/?p=2165"},"modified":"2025-10-25T11:00:51","modified_gmt":"2025-10-25T17:00:51","slug":"sorprende-el-actor-justin-berfield-en-su-regreso-a-malcolm-el-de-en-medio","status":"publish","type":"post","link":"https:\/\/agridulcenoticias.com\/index.php\/2025\/10\/24\/sorprende-el-actor-justin-berfield-en-su-regreso-a-malcolm-el-de-en-medio\/","title":{"rendered":"Sorprende el actor Justin Berfield en su regreso a Malcolm el de en medio"},"content":{"rendered":"\n<p>Frankie Muniz comparti\u00f3 una foto junto a sus hermanos en \u2018Malcolm el de en medio\u2019, imagen que caus\u00f3 revuelo por la apariencia de Justin Berfield<\/p>\n\n\n\n<p>La popular serie Malcolm el de en medio estrenar\u00e1 este a\u00f1o una nueva temporada, 20 a\u00f1os despu\u00e9s de su \u00faltimo cap\u00edtulo.<\/p>\n\n\n\n<p>\u201cLa vida sigue siendo injusta\u201d traer\u00e1 de regreso a los hermanos Malcolm, Reese, Francis, Dewey y Jamie, y a sus padres Hal y Lois.<\/p>\n\n\n\n<p>Frankie Muniz, quien da vida a Malcolm, public\u00f3 una fotograf\u00eda junto a Justin Berfield (Reese) y Christopher Masterson (Francis).<\/p>\n\n\n\n<p>La imagen caus\u00f3 revuelo en redes sociales, no solo por el pr\u00f3ximo estreno de la nueva temporada sino por la apariencia de \u2018Reese\u2018.<\/p>\n\n\n\n<p>Mientras que Muniz y Masterson lucen muy parecido a cuando termin\u00f3 la serie, Berfield se ve distinto.<\/p>\n\n\n\n<p>Una de las principales razones, adem\u00e1s de su edad, podr\u00eda ser su peinado, ya que ahora tiene el cabello corto.<\/p>\n\n\n\n<p>\u00bfQui\u00e9n es Justin Berfield, actor de \u2018Reese\u2019?<\/p>\n\n\n\n<p>Justin Tyler Berfield es un actor, escritor y productor estadounidense.<\/p>\n\n\n\n<p>Si bien actu\u00f3 en Malcolm el de en medio cuando era tan solo un adolescente, actualmente tiene 39 a\u00f1os.<\/p>\n\n\n\n<p>Despu\u00e9s de la exitosa serie de Fox, Berfield tuvo una participaci\u00f3n especial en la comedia Hijos de Tucson, de la que produjo 10 episodios.<\/p>\n\n\n\n<p>Tambi\u00e9n prest\u00f3 su voz para las caricaturas Kim Possible y Los Padrinos M\u00e1gicos.<\/p>\n\n\n\n<p>Y actu\u00f3 en la cinta Arma Blanca, mientras que como productor particip\u00f3 en Una se\u00f1al invisible y como coproductor en Cigarros y romance.<\/p>\n\n\n\n<p>Su carrera en cine y televisi\u00f3n la ha combinado con el sector inmobiliario al dedicarse a las inversiones en bienes ra\u00edces.<\/p>\n\n\n\n<p>En el plano personal se cas\u00f3 en 2017 y a\u00f1os despu\u00e9s, en medio de la pandemia de COVID-19, tuvo a su primer hijo.<\/p>\n\n\n\n<p>\u00bfCu\u00e1ndo se estrena la nueva temporada de Malcolm el de en medio?<\/p>\n\n\n\n<p>La nueva temporada de Malcolm el de en medio se titular\u00e1 \u2018La vida sigue siendo injusta\u2019.<\/p>\n\n\n\n<p>Constar\u00e1 de cuatro cap\u00edtulos de 30 minutos cada uno, en los que revelar\u00e1 la vida de los Wilkerson en los \u00faltimos 20 a\u00f1os.<\/p>\n\n\n\n<p>Se estrenar\u00e1 exclusivamente en Disney+, en diciembre de 2025.<\/p>\n\n\n\n<p>Mientras que Hal y Lois, as\u00ed como los hermanos Malcolm, Reese y Francis volver\u00e1n a ser interpretados por los actores originales, habr\u00e1 cambios para Dewey y Jamie.<\/p>\n\n\n\n<p>Jamie, el hermano menor, fue interpretado en su momento por los gemelos James y Lukas Rodr\u00edguez. Pero ahora ser\u00e1 interpretado por Anthony Timpano, actor canadiense de Riverdale.<\/p>\n\n\n\n<p>En el caso de Dewey, el actor Erik Per Sullivan declin\u00f3 participar en la nueva temporada, al haber dejado la actuaci\u00f3n definitivamente en 2010.<\/p>\n","protected":false},"excerpt":{"rendered":"<p>Frankie Muniz comparti\u00f3 una foto junto a sus hermanos en \u2018Malcolm el de en medio\u2019,&#8230;<\/p>\n","protected":false},"author":1,"featured_media":2166,"comment_status":"open","ping_status":"closed","sticky":false,"template":"","format":"standard","meta":{"footnotes":""},"categories":[7],"tags":[],"class_list":["post-2165","post","type-post","status-publish","format-standard","has-post-thumbnail","hentry","category-espectaculos"],"_links":{"self":[{"href":"https:\/\/agridulcenoticias.com\/index.php\/wp-json\/wp\/v2\/posts\/2165","targetHints":{"allow":["GET"]}}],"collection":[{"href":"https:\/\/agridulcenoticias.com\/index.php\/wp-json\/wp\/v2\/posts"}],"about":[{"href":"https:\/\/agridulcenoticias.com\/index.php\/wp-json\/wp\/v2\/types\/post"}],"author":[{"embeddable":true,"href":"https:\/\/agridulcenoticias.com\/index.php\/wp-json\/wp\/v2\/users\/1"}],"replies":[{"embeddable":true,"href":"https:\/\/agridulcenoticias.com\/index.php\/wp-json\/wp\/v2\/comments?post=2165"}],"version-history":[{"count":1,"href":"https:\/\/agridulcenoticias.com\/index.php\/wp-json\/wp\/v2\/posts\/2165\/revisions"}],"predecessor-version":[{"id":2167,"href":"https:\/\/agridulcenoticias.com\/index.php\/wp-json\/wp\/v2\/posts\/2165\/revisions\/2167"}],"wp:featuredmedia":[{"embeddable":true,"href":"https:\/\/agridulcenoticias.com\/index.php\/wp-json\/wp\/v2\/media\/2166"}],"wp:attachment":[{"href":"https:\/\/agridulcenoticias.com\/index.php\/wp-json\/wp\/v2\/media?parent=2165"}],"wp:term":[{"taxonomy":"category","embeddable":true,"href":"https:\/\/agridulcenoticias.com\/index.php\/wp-json\/wp\/v2\/categories?post=2165"},{"taxonomy":"post_tag","embeddable":true,"href":"https:\/\/agridulcenoticias.com\/index.php\/wp-json\/wp\/v2\/tags?post=2165"}],"curies":[{"name":"wp","href":"https:\/\/api.w.org\/{rel}","templated":true}]}}