{"id":2183,"date":"2025-10-25T23:14:16","date_gmt":"2025-10-26T05:14:16","guid":{"rendered":"https:\/\/agridulcenoticias.com\/?p=2183"},"modified":"2025-10-25T23:14:17","modified_gmt":"2025-10-26T05:14:17","slug":"choque-de-microbus-en-paseo-de-la-reforma-cdmx-deja-al-menos-15-heridos","status":"publish","type":"post","link":"https:\/\/agridulcenoticias.com\/index.php\/2025\/10\/25\/choque-de-microbus-en-paseo-de-la-reforma-cdmx-deja-al-menos-15-heridos\/","title":{"rendered":"Choque de microb\u00fas en Paseo de la Reforma, CDMX, deja al menos 15 heridos"},"content":{"rendered":"\n<p>Un microb\u00fas choc\u00f3 contra un poste en Paseo de la Reforma de la Ciudad de M\u00e9xico, a la altura de la colonia Guerrero<\/p>\n\n\n\n<p>Un microb\u00fas de la Ruta 18 choc\u00f3 contra un poste en Paseo de la Reforma de la Ciudad M\u00e9xico, con un saldo de al menos 15 lesionados.<\/p>\n\n\n\n<p>El accidente vial ocurri\u00f3 la tarde de este s\u00e1bado 25 de octubre de 2025 en el cruce con la calle Gonz\u00e1lez Bocanegra de la colonia Guerrero, alcald\u00eda Cuauht\u00e9moc.<\/p>\n\n\n\n<p>Testigos de los hechos apuntaron que el conductor del microb\u00fas perdi\u00f3 el control de la unidad y termin\u00f3 por impactar contra el poste.<\/p>\n\n\n\n<p>En entrevista para N+, dos pasajeras apuntaron que la unidad se encontraba llena, adem\u00e1s de que el conductor manejaba a exceso de velocidad y con m\u00fasica a muy alto volumen.<\/p>\n\n\n\n<p>Elementos de Protecci\u00f3n Civil y de emergencias m\u00e9dicas acudi\u00f3 al sitio de los hechos para atender a las personas heridas por este incidente en pleno Paseo de la Reforma este s\u00e1bado 25 de octubre.<\/p>\n","protected":false},"excerpt":{"rendered":"<p>Un microb\u00fas choc\u00f3 contra un poste en Paseo de la Reforma de la Ciudad de&#8230;<\/p>\n","protected":false},"author":1,"featured_media":2184,"comment_status":"open","ping_status":"closed","sticky":false,"template":"","format":"standard","meta":{"footnotes":""},"categories":[14],"tags":[],"class_list":["post-2183","post","type-post","status-publish","format-standard","has-post-thumbnail","hentry","category-nacional"],"_links":{"self":[{"href":"https:\/\/agridulcenoticias.com\/index.php\/wp-json\/wp\/v2\/posts\/2183","targetHints":{"allow":["GET"]}}],"collection":[{"href":"https:\/\/agridulcenoticias.com\/index.php\/wp-json\/wp\/v2\/posts"}],"about":[{"href":"https:\/\/agridulcenoticias.com\/index.php\/wp-json\/wp\/v2\/types\/post"}],"author":[{"embeddable":true,"href":"https:\/\/agridulcenoticias.com\/index.php\/wp-json\/wp\/v2\/users\/1"}],"replies":[{"embeddable":true,"href":"https:\/\/agridulcenoticias.com\/index.php\/wp-json\/wp\/v2\/comments?post=2183"}],"version-history":[{"count":1,"href":"https:\/\/agridulcenoticias.com\/index.php\/wp-json\/wp\/v2\/posts\/2183\/revisions"}],"predecessor-version":[{"id":2185,"href":"https:\/\/agridulcenoticias.com\/index.php\/wp-json\/wp\/v2\/posts\/2183\/revisions\/2185"}],"wp:featuredmedia":[{"embeddable":true,"href":"https:\/\/agridulcenoticias.com\/index.php\/wp-json\/wp\/v2\/media\/2184"}],"wp:attachment":[{"href":"https:\/\/agridulcenoticias.com\/index.php\/wp-json\/wp\/v2\/media?parent=2183"}],"wp:term":[{"taxonomy":"category","embeddable":true,"href":"https:\/\/agridulcenoticias.com\/index.php\/wp-json\/wp\/v2\/categories?post=2183"},{"taxonomy":"post_tag","embeddable":true,"href":"https:\/\/agridulcenoticias.com\/index.php\/wp-json\/wp\/v2\/tags?post=2183"}],"curies":[{"name":"wp","href":"https:\/\/api.w.org\/{rel}","templated":true}]}}