{"id":2305,"date":"2025-10-29T10:46:44","date_gmt":"2025-10-29T16:46:44","guid":{"rendered":"https:\/\/agridulcenoticias.com\/?p=2305"},"modified":"2025-10-30T10:49:08","modified_gmt":"2025-10-30T16:49:08","slug":"busca-dif-madero-reintegrar-a-menores-con-sus-familias","status":"publish","type":"post","link":"https:\/\/agridulcenoticias.com\/index.php\/2025\/10\/29\/busca-dif-madero-reintegrar-a-menores-con-sus-familias\/","title":{"rendered":"Busca DIF Madero reintegrar a menores con sus familias"},"content":{"rendered":"\n<p>MADERO. \u2013 El Sistema DIF de Ciudad Madero mantiene bajo resguardo a 15 menores, con quienes se trabaja de manera individual para lograr su reintegraci\u00f3n al entorno familiar, inform\u00f3 la directora del organismo, Nefertiti Constantino.<\/p>\n\n\n\n<p>Explic\u00f3 que, junto con la Procuradur\u00eda de Defensa de Ni\u00f1as, Ni\u00f1os y Adolescentes, se da seguimiento a cada caso, ya que el proceso puede ser largo debido a las condiciones espec\u00edficas de cada menor.<\/p>\n\n\n\n<p>\u201cLa prioridad es que puedan regresar con sus pap\u00e1s; si existe alg\u00fan problema, buscamos que sea un familiar directo quien pueda recibirlos: los abuelos, t\u00edos, o alg\u00fan pariente cercano\u201d, se\u00f1al\u00f3.<\/p>\n\n\n\n<p>Afirm\u00f3 que el DIF Madero agota todas las posibilidades antes de enviar un expediente a Ciudad Victoria, donde se determina si procede un proceso de adopci\u00f3n.<\/p>\n\n\n\n<p>\u201cNuestro objetivo es lograr una reintegraci\u00f3n segura, pero tambi\u00e9n cercana a su origen familiar, para que los ni\u00f1os se sientan protegidos emocionalmente\u201d, recalc\u00f3.<\/p>\n\n\n\n<p>La directora del DIF destac\u00f3 que se contin\u00faa trabajando de manera permanente en la atenci\u00f3n y protecci\u00f3n integral de la ni\u00f1ez en situaci\u00f3n vulnerable dentro del municipio.<\/p>\n","protected":false},"excerpt":{"rendered":"<p>MADERO. \u2013 El Sistema DIF de Ciudad Madero mantiene bajo resguardo a 15 menores, con&#8230;<\/p>\n","protected":false},"author":1,"featured_media":2306,"comment_status":"open","ping_status":"closed","sticky":false,"template":"","format":"standard","meta":{"footnotes":""},"categories":[3,5],"tags":[],"class_list":["post-2305","post","type-post","status-publish","format-standard","has-post-thumbnail","hentry","category-madero","category-tamaulipas"],"_links":{"self":[{"href":"https:\/\/agridulcenoticias.com\/index.php\/wp-json\/wp\/v2\/posts\/2305","targetHints":{"allow":["GET"]}}],"collection":[{"href":"https:\/\/agridulcenoticias.com\/index.php\/wp-json\/wp\/v2\/posts"}],"about":[{"href":"https:\/\/agridulcenoticias.com\/index.php\/wp-json\/wp\/v2\/types\/post"}],"author":[{"embeddable":true,"href":"https:\/\/agridulcenoticias.com\/index.php\/wp-json\/wp\/v2\/users\/1"}],"replies":[{"embeddable":true,"href":"https:\/\/agridulcenoticias.com\/index.php\/wp-json\/wp\/v2\/comments?post=2305"}],"version-history":[{"count":1,"href":"https:\/\/agridulcenoticias.com\/index.php\/wp-json\/wp\/v2\/posts\/2305\/revisions"}],"predecessor-version":[{"id":2307,"href":"https:\/\/agridulcenoticias.com\/index.php\/wp-json\/wp\/v2\/posts\/2305\/revisions\/2307"}],"wp:featuredmedia":[{"embeddable":true,"href":"https:\/\/agridulcenoticias.com\/index.php\/wp-json\/wp\/v2\/media\/2306"}],"wp:attachment":[{"href":"https:\/\/agridulcenoticias.com\/index.php\/wp-json\/wp\/v2\/media?parent=2305"}],"wp:term":[{"taxonomy":"category","embeddable":true,"href":"https:\/\/agridulcenoticias.com\/index.php\/wp-json\/wp\/v2\/categories?post=2305"},{"taxonomy":"post_tag","embeddable":true,"href":"https:\/\/agridulcenoticias.com\/index.php\/wp-json\/wp\/v2\/tags?post=2305"}],"curies":[{"name":"wp","href":"https:\/\/api.w.org\/{rel}","templated":true}]}}