{"id":2326,"date":"2025-10-30T11:17:06","date_gmt":"2025-10-30T17:17:06","guid":{"rendered":"https:\/\/agridulcenoticias.com\/?p=2326"},"modified":"2025-10-31T11:21:12","modified_gmt":"2025-10-31T17:21:12","slug":"congreso-del-estado-fortalece-la-cercania-ciudadana-en-tampico","status":"publish","type":"post","link":"https:\/\/agridulcenoticias.com\/index.php\/2025\/10\/30\/congreso-del-estado-fortalece-la-cercania-ciudadana-en-tampico\/","title":{"rendered":"Congreso del Estado fortalece la cercan\u00eda ciudadana en Tampico"},"content":{"rendered":"\n<p>TAMPICO. \u2013 En un esfuerzo conjunto por fortalecer la transparencia, la participaci\u00f3n ciudadana y el trabajo coordinado entre los distintos niveles de gobierno, el Congreso del Estado de Tamaulipas llev\u00f3 a cabo este jueves en el municipio de Tampico la Sesi\u00f3n P\u00fablica de la Legislatura 66, como parte del programa Congreso Itinerante, cuyo objetivo es acercar las decisiones legislativas a la poblaci\u00f3n.<\/p>\n\n\n\n<p>La Expo Tampico fungi\u00f3 como recinto oficial para este ejercicio democr\u00e1tico, en el que diputadas y diputados analizaron y aprobaron diversas iniciativas orientadas a impulsar el bienestar de las y los tamaulipecos, con especial atenci\u00f3n en las necesidades de la zona sur del estado.<\/p>\n\n\n\n<p>La Presidenta Municipal, M\u00f3nica Villarreal Anaya, dio la bienvenida a las y los integrantes del Poder Legislativo, destacando la relevancia de este ejercicio dentro del programa \u201cCongreso Itinerante\u201d que acerca el trabajo legislativo a la ciudadan\u00eda, recordando que la democracia se construye desde lo local, con cercan\u00eda, di\u00e1logo y responsabilidad compartida.<\/p>\n\n\n\n<p>\u201cEste ejercicio representa m\u00e1s que una agenda legislativa descentralizada: es una oportunidad para escuchar, para construir puentes, y para reafirmar que Tamaulipas es un estado unido por sus retos, pero tambi\u00e9n por su convicci\u00f3n de avanzar con leyes que respondan a la realidad de cada regi\u00f3n\u201d, expres\u00f3.<\/p>\n\n\n\n<p>Villarreal Anaya subray\u00f3 que gracias a las iniciativas que el congreso ha aprobado en favor del municipio, se ha logrado poner en el centro de las pol\u00edticas p\u00fablicas a la persona, fortaleciendo el sentido humanista y de servicio que distingue al gobierno municipal.<\/p>\n\n\n\n<p>\u201cDesde Tampico reiteramos nuestro compromiso con el respeto institucional, la colaboraci\u00f3n intergubernamental y el impulso de iniciativas que fortalezcan la seguridad, el desarrollo econ\u00f3mico, la educaci\u00f3n y la justicia social\u201d, puntualiz\u00f3.<\/p>\n\n\n\n<p>Por su parte, el Diputado Humberto Prieto Herrera, presidente de la Junta de Gobierno del Congreso del Estado de Tamaulipas, subray\u00f3 que las sesiones itinerantes son un ejercicio de vocaci\u00f3n democr\u00e1tica y cercan\u00eda con la ciudadan\u00eda.<\/p>\n\n\n\n<p>\u201cEl Congreso no debe permanecer detr\u00e1s de su recinto, sino salir al encuentro de la sociedad, escuchar y legislar desde el territorio\u201d, afirm\u00f3, al tiempo que reconoci\u00f3 el liderazgo de la presidenta municipal M\u00f3nica Villarreal Anaya por su labor en favor de los tampique\u00f1os.<\/p>\n\n\n\n<p>Durante la sesi\u00f3n, el Pleno aprob\u00f3 diversas iniciativas con proyecto de decreto de gran relevancia para la entidad, entre las que destacan: El reconocimiento de las personas mayores como titulares plenos de derechos, garantizando su protecci\u00f3n contra la discriminaci\u00f3n, el abandono y el maltrato.<\/p>\n\n\n\n<p>De igual forma, la Inclusi\u00f3n de la violencia medi\u00e1tica y digital en la legislaci\u00f3n estatal, protegiendo la dignidad, intimidad y privacidad de mujeres, ni\u00f1as y adolescentes; adem\u00e1s de la Ley de Publicidad exterior orientada a preservar el paisaje urbano; y la capacitaci\u00f3n y asesor\u00eda a servidores p\u00fablicos en la prevenci\u00f3n y atenci\u00f3n de la violencia contra los seres sintientes.<\/p>\n\n\n\n<p>En este importante evento se cont\u00f3 con la presencia de la Diputada Eva Reyes, presidenta de la Mesa Directiva del Congreso; la Senadora de la Rep\u00fablica, Olga Patricia Sosa Ruiz; el Presidente Municipal de Ciudad Madero, Erasmo Gonz\u00e1lez Robledo; el Diputado Federal Carlos Canturosas Villarreal; el Secretario de Desarrollo Energ\u00e9tico, Walter Juli\u00e1n \u00c1ngel Jim\u00e9nez; y representantes de los tres \u00f3rdenes de gobierno, integrantes del Cabildo de Tampico, empresarios, estudiantes y ciudadan\u00eda en general.<\/p>\n","protected":false},"excerpt":{"rendered":"<p>TAMPICO. \u2013 En un esfuerzo conjunto por fortalecer la transparencia, la participaci\u00f3n ciudadana y el&#8230;<\/p>\n","protected":false},"author":1,"featured_media":2327,"comment_status":"open","ping_status":"closed","sticky":false,"template":"","format":"standard","meta":{"footnotes":""},"categories":[5,2],"tags":[],"class_list":["post-2326","post","type-post","status-publish","format-standard","has-post-thumbnail","hentry","category-tamaulipas","category-tampico"],"_links":{"self":[{"href":"https:\/\/agridulcenoticias.com\/index.php\/wp-json\/wp\/v2\/posts\/2326","targetHints":{"allow":["GET"]}}],"collection":[{"href":"https:\/\/agridulcenoticias.com\/index.php\/wp-json\/wp\/v2\/posts"}],"about":[{"href":"https:\/\/agridulcenoticias.com\/index.php\/wp-json\/wp\/v2\/types\/post"}],"author":[{"embeddable":true,"href":"https:\/\/agridulcenoticias.com\/index.php\/wp-json\/wp\/v2\/users\/1"}],"replies":[{"embeddable":true,"href":"https:\/\/agridulcenoticias.com\/index.php\/wp-json\/wp\/v2\/comments?post=2326"}],"version-history":[{"count":1,"href":"https:\/\/agridulcenoticias.com\/index.php\/wp-json\/wp\/v2\/posts\/2326\/revisions"}],"predecessor-version":[{"id":2328,"href":"https:\/\/agridulcenoticias.com\/index.php\/wp-json\/wp\/v2\/posts\/2326\/revisions\/2328"}],"wp:featuredmedia":[{"embeddable":true,"href":"https:\/\/agridulcenoticias.com\/index.php\/wp-json\/wp\/v2\/media\/2327"}],"wp:attachment":[{"href":"https:\/\/agridulcenoticias.com\/index.php\/wp-json\/wp\/v2\/media?parent=2326"}],"wp:term":[{"taxonomy":"category","embeddable":true,"href":"https:\/\/agridulcenoticias.com\/index.php\/wp-json\/wp\/v2\/categories?post=2326"},{"taxonomy":"post_tag","embeddable":true,"href":"https:\/\/agridulcenoticias.com\/index.php\/wp-json\/wp\/v2\/tags?post=2326"}],"curies":[{"name":"wp","href":"https:\/\/api.w.org\/{rel}","templated":true}]}}