{"id":2386,"date":"2025-11-01T23:35:18","date_gmt":"2025-11-02T05:35:18","guid":{"rendered":"https:\/\/agridulcenoticias.com\/?p=2386"},"modified":"2025-11-01T23:35:20","modified_gmt":"2025-11-02T05:35:20","slug":"incendio-en-tienda-waldos-en-hermosillo-sonora-se-reportan-22-muertos","status":"publish","type":"post","link":"https:\/\/agridulcenoticias.com\/index.php\/2025\/11\/01\/incendio-en-tienda-waldos-en-hermosillo-sonora-se-reportan-22-muertos\/","title":{"rendered":"Incendio en tienda Waldo\u2019s en Hermosillo, Sonora; se reportan 22 muertos"},"content":{"rendered":"\n<p>El incendio se registr\u00f3 la tarde de este 1 de noviembre en una tienda Waldo\u2019s en pleno centro de Hermosillo Sonora<\/p>\n\n\n\n<p>Este s\u00e1bado 1 de noviembre de 2025 se registr\u00f3 un incendio en una tienda Waldo\u2019s ubicado en pleno centro de Hermosillo, Sonora.<\/p>\n\n\n\n<p>Medios locales detallaron que de forma extraoficial hay al menos 22 personas muertas, entre los que se encuentran siete menores de edad.<\/p>\n\n\n\n<p>Testigos de lo ocurrido detallaron que hubo apagones previos, lo que deriv\u00f3 en una posible falla el\u00e9ctrica que habr\u00eda desencadenado este incendio en la tienda Waldo\u2019s, ubicada sobre la calle Doctor Noriega, entre Matamoros y Ju\u00e1rez,.<\/p>\n\n\n\n<p>El incendio, que inicio aproximadamente a las 15:00 h local, desencaden\u00f3 una fuerte movilizaci\u00f3n por parte de agentes policiacos y de servicios de emergencia.<\/p>\n\n\n\n<p>De forma preliminar se reportaron tambi\u00e9n al menos 12 personas lesionadas, de las cuales siete fueron trasladadas al Hospital del ISSSTE, una a la Cl\u00ednica 14 del IMSS, dos a la Cl\u00ednica del Noroeste y dos m\u00e1s al Hospital de Especialidades del Estado.<\/p>\n\n\n\n<p>Tras este incendio, los comercios cercanos a la tienda optaron por cerrar sus puertas debido por el alto riesgo de un siniestro mayor.<\/p>\n\n\n\n<p>Por medio de redes sociales, la Coordinaci\u00f3n de Protecci\u00f3n Civil de Sonora solicit\u00f3 a la ciudadan\u00eda evitar el \u00e1rea y facilitar el acceso de los veh\u00edculos de emergencia para permitir las labores de atenci\u00f3n y control del siniestro.<\/p>\n\n\n\n<p>Tambi\u00e9n se pidi\u00f3 a los ciudadanos facilitar el acceso a los equipos de rescate y asegurar que se mantuviera libre el per\u00edmetro acordonado por ese hecho.<\/p>\n\n\n\n<p>Autoridades de Hermosillo detallaron que las llamas fueron controladas despu\u00e9s de algunas minutos, adem\u00e1s de que se iniciar\u00e1n los peritajes correspondientes para conocer las causas del siniestro en la tienda Waldo\u2019s en el centro de la ciudad este s\u00e1bado 1 de noviembre.<\/p>\n\n\n\n<p>La Secretar\u00eda de Seguridad P\u00fablica de la entidad confirm\u00f3 que no se trat\u00f3 de un atentado ni de un acto violento dirigido contra civiles.<\/p>\n\n\n\n<p>El gobernador de Sonora, Alfonso Durazo, expres\u00f3 sus condolencias a los familiares de las v\u00edctimas y asegur\u00f3 que su administraci\u00f3n brindar\u00e1 apoyo integral a los afectados.<\/p>\n\n\n\n<p>\u201cExpreso mis m\u00e1s profundas condolencias a las familias y seres queridos de las personas fallecidas en el incendio ocurrido hoy en el Centro de Hermosillo. El Gobierno del Estado brindar\u00e1 atenci\u00f3n puntual e integral a las v\u00edctimas y a sus seres queridos\u201d, se\u00f1al\u00f3 el mandatario en redes sociales.<\/p>\n","protected":false},"excerpt":{"rendered":"<p>El incendio se registr\u00f3 la tarde de este 1 de noviembre en una tienda Waldo\u2019s&#8230;<\/p>\n","protected":false},"author":1,"featured_media":2387,"comment_status":"open","ping_status":"closed","sticky":false,"template":"","format":"standard","meta":{"footnotes":""},"categories":[14],"tags":[],"class_list":["post-2386","post","type-post","status-publish","format-standard","has-post-thumbnail","hentry","category-nacional"],"_links":{"self":[{"href":"https:\/\/agridulcenoticias.com\/index.php\/wp-json\/wp\/v2\/posts\/2386","targetHints":{"allow":["GET"]}}],"collection":[{"href":"https:\/\/agridulcenoticias.com\/index.php\/wp-json\/wp\/v2\/posts"}],"about":[{"href":"https:\/\/agridulcenoticias.com\/index.php\/wp-json\/wp\/v2\/types\/post"}],"author":[{"embeddable":true,"href":"https:\/\/agridulcenoticias.com\/index.php\/wp-json\/wp\/v2\/users\/1"}],"replies":[{"embeddable":true,"href":"https:\/\/agridulcenoticias.com\/index.php\/wp-json\/wp\/v2\/comments?post=2386"}],"version-history":[{"count":1,"href":"https:\/\/agridulcenoticias.com\/index.php\/wp-json\/wp\/v2\/posts\/2386\/revisions"}],"predecessor-version":[{"id":2388,"href":"https:\/\/agridulcenoticias.com\/index.php\/wp-json\/wp\/v2\/posts\/2386\/revisions\/2388"}],"wp:featuredmedia":[{"embeddable":true,"href":"https:\/\/agridulcenoticias.com\/index.php\/wp-json\/wp\/v2\/media\/2387"}],"wp:attachment":[{"href":"https:\/\/agridulcenoticias.com\/index.php\/wp-json\/wp\/v2\/media?parent=2386"}],"wp:term":[{"taxonomy":"category","embeddable":true,"href":"https:\/\/agridulcenoticias.com\/index.php\/wp-json\/wp\/v2\/categories?post=2386"},{"taxonomy":"post_tag","embeddable":true,"href":"https:\/\/agridulcenoticias.com\/index.php\/wp-json\/wp\/v2\/tags?post=2386"}],"curies":[{"name":"wp","href":"https:\/\/api.w.org\/{rel}","templated":true}]}}