{"id":2407,"date":"2025-11-02T13:52:42","date_gmt":"2025-11-02T19:52:42","guid":{"rendered":"https:\/\/agridulcenoticias.com\/?p=2407"},"modified":"2025-11-02T13:52:44","modified_gmt":"2025-11-02T19:52:44","slug":"suman-23-muertos-por-incendio-de-waldos-en-hermosillo","status":"publish","type":"post","link":"https:\/\/agridulcenoticias.com\/index.php\/2025\/11\/02\/suman-23-muertos-por-incendio-de-waldos-en-hermosillo\/","title":{"rendered":"Suman 23 muertos por incendio de Waldo\u2019s en Hermosillo"},"content":{"rendered":"\n<p>Entre las 23 personas muertas por el incendio de una tienda Waldo\u2019s en Hermosillo, Sonora, se encuentran seis menores de edad<\/p>\n\n\n\n<p>La Cruz Roja mexicana confirm\u00f3 que el n\u00famero de muertos por el incendio en una tienda Waldo\u2019s ubicada en el centro de Hermosillo, Sonora, ascendi\u00f3 a 23 personas, mientras que el n\u00famero de lesionados sigue cont\u00e1ndose en decenas.<\/p>\n\n\n\n<p>\u201cS\u00ed, tenemos ese n\u00famero, 23 decesos, hasta el momento: 12 femeninas; cinco masculinos; cuatro ni\u00f1as y dos ni\u00f1os\u201d, asegur\u00f3, Carlos Freaner Figueroa, presidente nacional de la Cruz Roja Mexicana.<\/p>\n\n\n\n<p>Desplegamos operativo para brindar apoyo en traslados y atenci\u00f3n prehospitalaria tras incendio en #Hermosillo, #Sonora .<\/p>\n\n\n\n<p>Nuestra misi\u00f3n es estar en cualquier emergencia para salvar vidas. \u2764\ufe0f\u26d1\ufe0f https:\/\/t.co\/GQ8uqo1V8O<\/p>\n\n\n\n<p>\u2014 Cruz Roja Mexicana IAP (@CruzRoja_MX) November 2, 2025<\/p>\n\n\n\n<p>\u00bfC\u00f3mo fue el incendio de un Waldo\u2019s en Hermosillo?<\/p>\n\n\n\n<p>El siniestro ocurri\u00f3 alrededor de las 15:00 h local en el establecimiento situado sobre la avenida Dr. Alberto G. Noriega, entre las calles Benito Ju\u00e1rez y Mariano Matamoros, cuando el comercio se encontraba lleno de clientes debido a la quincena y a las compras previas al D\u00eda de Muertos.<\/p>\n\n\n\n<p>\ud83d\udfe4 #Tragedia en #Hermosillo Hip\u00f3tesis de explosi\u00f3n apunta a transformador dentro de tienda Waldos: FGJES #DESPIERTASONORA<\/p>\n\n\n\n<p>Hermosillo, Sonora; 1 de noviembre de 2025.- La hip\u00f3tesis de trabajo es que el evento fue accidental y la l\u00ednea de Investigaci\u00f3n versa respecto de un\u2026 pic.twitter.com\/7S3VbhFJX2<\/p>\n\n\n\n<p>\u2014 DespiertaSonora (@DespiertaSonor1) November 2, 2025<\/p>\n\n\n\n<p>De forma preliminar, se reportaron tambi\u00e9n al menos 12 personas lesionadas, de las cuales siete fueron trasladadas al Hospital del ISSSTE, una a la Cl\u00ednica 14 del IMSS, dos a la Cl\u00ednica del Noroeste y dos m\u00e1s al Hospital de Especialidades del Estado.<\/p>\n\n\n\n<p>El fiscal general de Justicia del Estado, Gustavo Salas Ch\u00e1vez, a cargo de la investigaci\u00f3n, dijo que la mayor\u00eda de las v\u00edctimas mortales perdieron la vida a consecuencia de inhalaci\u00f3n de gases t\u00f3xicos.<\/p>\n\n\n\n<p>\u201cHasta el momento no existe ning\u00fan indicio que apunte a que el incendio haya sido generado de manera intencional\u201d, inform\u00f3.<\/p>\n\n\n\n<p>Sheinbaum promete ayuda a afectados por el siniestro<\/p>\n\n\n\n<p>La presidenta Claudia Sheinbaum lament\u00f3 la muerte de 23 personas en un incendio en una tienda Waldo\u2019s de Hermosillo y asegur\u00f3 que envi\u00f3 ayuda a los afectados.<\/p>\n\n\n\n<p>Mis sentidas condolencias a las familias y seres queridos de las personas fallecidas en el incendio ocurrido en una tienda en el centro de Hermosillo\u201d, se\u00f1al\u00f3 la mandataria en un mensaje publicado en sus redes sociales..<\/p>\n\n\n\n<p>La mandataria asegur\u00f3 que ha estado en contacto con el gobernador del estado, Alfonso Durazo, \u201cpara apoyar en lo que se necesite\u201d.<\/p>\n\n\n\n<p>Mis sentidas condolencias a las familias y seres queridos de las personas fallecidas en el incendio ocurrido en una tienda en el centro de Hermosillo.<\/p>\n\n\n\n<p>He estado en contacto con el gobernador de Sonora, Alfonso Durazo, para apoyar en lo que se necesite. Instru\u00ed a la secretaria de\u2026<\/p>\n\n\n\n<p>\u2014 Claudia Sheinbaum Pardo (@Claudiashein) November 2, 2025<\/p>\n\n\n\n<p>Asimismo, precis\u00f3 que instruy\u00f3 a las secretaria de Gobernaci\u00f3n, Rosa Icela Rodr\u00edguez, \u201cpara que env\u00ede equipo de apoyo a fin de atender a los familiares y heridos\u201d.<\/p>\n\n\n\n<p>Por su parte, el gobernador del estado, Alfonso Durazo, afirm\u00f3 que su administraci\u00f3n \u201crealizar\u00e1 todas las acciones necesarias\u201d para apoyar a las familias y personas afectadas.<\/p>\n","protected":false},"excerpt":{"rendered":"<p>Entre las 23 personas muertas por el incendio de una tienda Waldo\u2019s en Hermosillo, Sonora,&#8230;<\/p>\n","protected":false},"author":1,"featured_media":2408,"comment_status":"open","ping_status":"closed","sticky":false,"template":"","format":"standard","meta":{"footnotes":""},"categories":[14],"tags":[],"class_list":["post-2407","post","type-post","status-publish","format-standard","has-post-thumbnail","hentry","category-nacional"],"_links":{"self":[{"href":"https:\/\/agridulcenoticias.com\/index.php\/wp-json\/wp\/v2\/posts\/2407","targetHints":{"allow":["GET"]}}],"collection":[{"href":"https:\/\/agridulcenoticias.com\/index.php\/wp-json\/wp\/v2\/posts"}],"about":[{"href":"https:\/\/agridulcenoticias.com\/index.php\/wp-json\/wp\/v2\/types\/post"}],"author":[{"embeddable":true,"href":"https:\/\/agridulcenoticias.com\/index.php\/wp-json\/wp\/v2\/users\/1"}],"replies":[{"embeddable":true,"href":"https:\/\/agridulcenoticias.com\/index.php\/wp-json\/wp\/v2\/comments?post=2407"}],"version-history":[{"count":1,"href":"https:\/\/agridulcenoticias.com\/index.php\/wp-json\/wp\/v2\/posts\/2407\/revisions"}],"predecessor-version":[{"id":2409,"href":"https:\/\/agridulcenoticias.com\/index.php\/wp-json\/wp\/v2\/posts\/2407\/revisions\/2409"}],"wp:featuredmedia":[{"embeddable":true,"href":"https:\/\/agridulcenoticias.com\/index.php\/wp-json\/wp\/v2\/media\/2408"}],"wp:attachment":[{"href":"https:\/\/agridulcenoticias.com\/index.php\/wp-json\/wp\/v2\/media?parent=2407"}],"wp:term":[{"taxonomy":"category","embeddable":true,"href":"https:\/\/agridulcenoticias.com\/index.php\/wp-json\/wp\/v2\/categories?post=2407"},{"taxonomy":"post_tag","embeddable":true,"href":"https:\/\/agridulcenoticias.com\/index.php\/wp-json\/wp\/v2\/tags?post=2407"}],"curies":[{"name":"wp","href":"https:\/\/api.w.org\/{rel}","templated":true}]}}