{"id":2442,"date":"2025-11-03T23:16:59","date_gmt":"2025-11-04T05:16:59","guid":{"rendered":"https:\/\/agridulcenoticias.com\/?p=2442"},"modified":"2025-11-03T23:17:01","modified_gmt":"2025-11-04T05:17:01","slug":"asesinan-a-comandanta-y-oficiales-en-puebla-renuncian-todos-los-policias-de-huixcolotla","status":"publish","type":"post","link":"https:\/\/agridulcenoticias.com\/index.php\/2025\/11\/03\/asesinan-a-comandanta-y-oficiales-en-puebla-renuncian-todos-los-policias-de-huixcolotla\/","title":{"rendered":"Asesinan a comandanta y oficiales en Puebla; renuncian todos los polic\u00edas de Huixcolotla"},"content":{"rendered":"\n<p>La SSP de Puebla asumir\u00e1 la seguridad en Huixcolotla tras la renuncia de todos los polic\u00edas municipales por el asesinato de una comandanta y dos oficiales<\/p>\n\n\n\n<p>Una comandanta y dos oficiales fueron emboscados y asesinados en Puebla, lo que origin\u00f3 la renuncia de todos los polic\u00edas municipales de Huixcolotla.<\/p>\n\n\n\n<p>La madrugada del 2 de noviembre los polic\u00edas v\u00edctima realizaban un recorrido de seguridad sobre la carretera federal Puebla-Tehuac\u00e1n cuando fueron interceptados por un convoy.<\/p>\n\n\n\n<p>Ocho sujetos armados a bordo de dos camionetas les dispararon en repetidas ocasiones y posteriormente se dieron a la fuga.<\/p>\n\n\n\n<p>Param\u00e9dicos confirmaron la muerte de dos polic\u00edas municipales en tanto que trasladaron a un hospital a una comandanta, quien muri\u00f3 al llegar a la cl\u00ednica.<\/p>\n\n\n\n<p>Se reportaron otros oficiales heridos.<\/p>\n\n\n\n<p>En la escena del crimen se hall\u00f3 una manta con un mensaje en el que se atribu\u00eda el ataque al supuesto apoyo de la Polic\u00eda Municipal a once hombres, presuntos miembros de grupos criminales.<\/p>\n\n\n\n<p>Las v\u00edctimas fueron identificadas como los polic\u00edas Roberto P\u00e9rez Trinidad y Arturo P\u00e9rez Trinidad, en tanto que la comandanta ten\u00eda por nombre Yusami Monterrosas Apolinar.<\/p>\n\n\n\n<p>Renuncian todos los polic\u00edas municipales de Huixcolotla<\/p>\n\n\n\n<p>Todos los polic\u00edas municipales de Huixcolotla renunciaron tras el asesinato de los dos oficiales y la comandanta.<\/p>\n\n\n\n<p>El secretario de Seguridad P\u00fablica de Puebla, el vicealmirante Francisco S\u00e1nchez Gonz\u00e1lez, inform\u00f3 que ante la renuncia masiva, la SSP asumir\u00e1 la seguridad del municipio.<\/p>\n\n\n\n<p>Cuestionado sobre si los polic\u00edas asesinados estaban coludidos con grupos criminales, el vicealmirante refiri\u00f3 que se investigar\u00e1 a cada uno de los elementos.<\/p>\n\n\n\n<p>Por su parte, el secretario de Gobierno de Puebla, Samuel Aguilar Pala, inform\u00f3 que los alcaldes de Huixcolotla y Eloxochitl\u00e1n solicitaron protecci\u00f3n estatal al haber recibido amenazas.<\/p>\n\n\n\n<p>Ellos temen por su vida\u201d, reconoci\u00f3.<\/p>\n","protected":false},"excerpt":{"rendered":"<p>La SSP de Puebla asumir\u00e1 la seguridad en Huixcolotla tras la renuncia de todos los&#8230;<\/p>\n","protected":false},"author":1,"featured_media":2443,"comment_status":"open","ping_status":"closed","sticky":false,"template":"","format":"standard","meta":{"footnotes":""},"categories":[14],"tags":[],"class_list":["post-2442","post","type-post","status-publish","format-standard","has-post-thumbnail","hentry","category-nacional"],"_links":{"self":[{"href":"https:\/\/agridulcenoticias.com\/index.php\/wp-json\/wp\/v2\/posts\/2442","targetHints":{"allow":["GET"]}}],"collection":[{"href":"https:\/\/agridulcenoticias.com\/index.php\/wp-json\/wp\/v2\/posts"}],"about":[{"href":"https:\/\/agridulcenoticias.com\/index.php\/wp-json\/wp\/v2\/types\/post"}],"author":[{"embeddable":true,"href":"https:\/\/agridulcenoticias.com\/index.php\/wp-json\/wp\/v2\/users\/1"}],"replies":[{"embeddable":true,"href":"https:\/\/agridulcenoticias.com\/index.php\/wp-json\/wp\/v2\/comments?post=2442"}],"version-history":[{"count":1,"href":"https:\/\/agridulcenoticias.com\/index.php\/wp-json\/wp\/v2\/posts\/2442\/revisions"}],"predecessor-version":[{"id":2444,"href":"https:\/\/agridulcenoticias.com\/index.php\/wp-json\/wp\/v2\/posts\/2442\/revisions\/2444"}],"wp:featuredmedia":[{"embeddable":true,"href":"https:\/\/agridulcenoticias.com\/index.php\/wp-json\/wp\/v2\/media\/2443"}],"wp:attachment":[{"href":"https:\/\/agridulcenoticias.com\/index.php\/wp-json\/wp\/v2\/media?parent=2442"}],"wp:term":[{"taxonomy":"category","embeddable":true,"href":"https:\/\/agridulcenoticias.com\/index.php\/wp-json\/wp\/v2\/categories?post=2442"},{"taxonomy":"post_tag","embeddable":true,"href":"https:\/\/agridulcenoticias.com\/index.php\/wp-json\/wp\/v2\/tags?post=2442"}],"curies":[{"name":"wp","href":"https:\/\/api.w.org\/{rel}","templated":true}]}}