{"id":2451,"date":"2025-11-04T10:45:00","date_gmt":"2025-11-04T16:45:00","guid":{"rendered":"https:\/\/agridulcenoticias.com\/?p=2451"},"modified":"2025-11-04T10:45:03","modified_gmt":"2025-11-04T16:45:03","slug":"realizo-proteccion-civil-acciones-preventivas-en-panteones-de-arbol-grande-y-las-chacas","status":"publish","type":"post","link":"https:\/\/agridulcenoticias.com\/index.php\/2025\/11\/04\/realizo-proteccion-civil-acciones-preventivas-en-panteones-de-arbol-grande-y-las-chacas\/","title":{"rendered":"Realiz\u00f3 Protecci\u00f3n Civil acciones preventivas en panteones de \u00c1rbol Grande y Las Chacas"},"content":{"rendered":"\n<p>MADERO. \u2013 Con motivo de las visitas a los camposantos por el D\u00eda de Muertos, personal de Protecci\u00f3n Civil de Ciudad Madero llev\u00f3 a cabo diversas acciones preventivas en los panteones \u00c1rbol Grande y Las Chacas, con el objetivo de garantizar la seguridad de los visitantes.<\/p>\n\n\n\n<p>Ricardo Aguirre Mart\u00ednez, director de la corporaci\u00f3n, inform\u00f3 que durante los trabajos se retiraron alrededor de seis panales de avispas y se realiz\u00f3 la poda de ocho \u00e1rboles, esto para evitar riesgos entre las familias que acudieron a recordar a sus seres queridos.<\/p>\n\n\n\n<p>El funcionario explic\u00f3 que estas labores forman parte del operativo especial implementado en los cementerios durante la temporada, reforzando la vigilancia y las medidas de prevenci\u00f3n para ofrecer espacios seguros a la ciudadan\u00eda.<\/p>\n\n\n\n<p>Aguirre Mart\u00ednez se\u00f1al\u00f3 que continuar\u00e1n atentos a cualquier situaci\u00f3n que pudiera representar peligro, reiterando el compromiso de la dependencia con la seguridad de los madrenses.<\/p>\n","protected":false},"excerpt":{"rendered":"<p>MADERO. \u2013 Con motivo de las visitas a los camposantos por el D\u00eda de Muertos,&#8230;<\/p>\n","protected":false},"author":1,"featured_media":2452,"comment_status":"open","ping_status":"closed","sticky":false,"template":"","format":"standard","meta":{"footnotes":""},"categories":[3,5],"tags":[],"class_list":["post-2451","post","type-post","status-publish","format-standard","has-post-thumbnail","hentry","category-madero","category-tamaulipas"],"_links":{"self":[{"href":"https:\/\/agridulcenoticias.com\/index.php\/wp-json\/wp\/v2\/posts\/2451","targetHints":{"allow":["GET"]}}],"collection":[{"href":"https:\/\/agridulcenoticias.com\/index.php\/wp-json\/wp\/v2\/posts"}],"about":[{"href":"https:\/\/agridulcenoticias.com\/index.php\/wp-json\/wp\/v2\/types\/post"}],"author":[{"embeddable":true,"href":"https:\/\/agridulcenoticias.com\/index.php\/wp-json\/wp\/v2\/users\/1"}],"replies":[{"embeddable":true,"href":"https:\/\/agridulcenoticias.com\/index.php\/wp-json\/wp\/v2\/comments?post=2451"}],"version-history":[{"count":1,"href":"https:\/\/agridulcenoticias.com\/index.php\/wp-json\/wp\/v2\/posts\/2451\/revisions"}],"predecessor-version":[{"id":2453,"href":"https:\/\/agridulcenoticias.com\/index.php\/wp-json\/wp\/v2\/posts\/2451\/revisions\/2453"}],"wp:featuredmedia":[{"embeddable":true,"href":"https:\/\/agridulcenoticias.com\/index.php\/wp-json\/wp\/v2\/media\/2452"}],"wp:attachment":[{"href":"https:\/\/agridulcenoticias.com\/index.php\/wp-json\/wp\/v2\/media?parent=2451"}],"wp:term":[{"taxonomy":"category","embeddable":true,"href":"https:\/\/agridulcenoticias.com\/index.php\/wp-json\/wp\/v2\/categories?post=2451"},{"taxonomy":"post_tag","embeddable":true,"href":"https:\/\/agridulcenoticias.com\/index.php\/wp-json\/wp\/v2\/tags?post=2451"}],"curies":[{"name":"wp","href":"https:\/\/api.w.org\/{rel}","templated":true}]}}