{"id":2540,"date":"2025-11-07T11:10:05","date_gmt":"2025-11-07T17:10:05","guid":{"rendered":"https:\/\/agridulcenoticias.com\/?p=2540"},"modified":"2025-11-07T11:10:12","modified_gmt":"2025-11-07T17:10:12","slug":"gobierno-de-tampico-refuerza-la-seguridad-vial","status":"publish","type":"post","link":"https:\/\/agridulcenoticias.com\/index.php\/2025\/11\/07\/gobierno-de-tampico-refuerza-la-seguridad-vial\/","title":{"rendered":"Gobierno de Tampico refuerza la seguridad vial"},"content":{"rendered":"\n<p>TAMPCO. \u2013 Reafirmando su compromiso con la inclusi\u00f3n y la seguridad de la ciudadan\u00eda, el Gobierno Municipal de Tampico, encabezado por la presidenta M\u00f3nica Villarreal Anaya, llev\u00f3 a cabo la instalaci\u00f3n de sem\u00e1foros peatonales con sonido indicativo en la Avenida Hidalgo, a la altura del cruce con M\u00e1rquez de Guadalupe, los cuales permitir\u00e1n a las personas con discapacidad visual cruzar de manera segura y aut\u00f3noma.<\/p>\n\n\n\n<p>La alcaldesa M\u00f3nica Villarreal Anaya destac\u00f3 que esta acci\u00f3n forma parte del Programa Integral de Reordenamiento Vial, mediante el cual la actual administraci\u00f3n impulsa una movilidad m\u00e1s segura, ordenada y accesible para todas las personas, especialmente para quienes viven con discapacidad visual.<\/p>\n\n\n\n<p>\u201cEn Tampico privilegiamos la seguridad de las personas, garantizando que cada ciudadano pueda transitar con seguridad y confianza\u201d, expres\u00f3 la presidenta municipal.<\/p>\n\n\n\n<p>Asimismo, Villarreal Anaya inform\u00f3 que en \u00e9ste importante punto tambi\u00e9n se realiz\u00f3 la ampliaci\u00f3n de carriles para mejorar la conectividad y agilizar la circulaci\u00f3n vehicular en una de las principales arterias de la ciudad.<\/p>\n\n\n\n<p>\u201cEn el cruce de M\u00e1rquez de Guadalupe y Avenida Hidalgo hemos incrementado a cuatro los carriles de circulaci\u00f3n, permitiendo que ahora transiten hasta 60 veh\u00edculos donde antes s\u00f3lo pasaban 40. Con ello fortalecemos la movilidad y reducimos tiempos de traslado, siempre priorizando la seguridad de los tampique\u00f1os\u201d, puntualiz\u00f3.<\/p>\n\n\n\n<p>Con estas acciones, el Gobierno de Tampico contin\u00faa cumpliendo su compromiso de brindar infraestructura moderna, accesible y segura, alineada con los principios de inclusi\u00f3n y desarrollo sostenible.<\/p>\n\n\n\n<p>\u201cNuestro gobierno tiene un prop\u00f3sito claro: hacer de Tampico una ciudad para todos, donde cada obra refleje respeto, seguridad y calidad de vida para la gente\u201d, concluy\u00f3 la alcaldesa M\u00f3nica Villarreal Anaya.<\/p>\n","protected":false},"excerpt":{"rendered":"<p>TAMPCO. \u2013 Reafirmando su compromiso con la inclusi\u00f3n y la seguridad de la ciudadan\u00eda, el&#8230;<\/p>\n","protected":false},"author":1,"featured_media":2541,"comment_status":"open","ping_status":"closed","sticky":false,"template":"","format":"standard","meta":{"footnotes":""},"categories":[5,2],"tags":[],"class_list":["post-2540","post","type-post","status-publish","format-standard","has-post-thumbnail","hentry","category-tamaulipas","category-tampico"],"_links":{"self":[{"href":"https:\/\/agridulcenoticias.com\/index.php\/wp-json\/wp\/v2\/posts\/2540","targetHints":{"allow":["GET"]}}],"collection":[{"href":"https:\/\/agridulcenoticias.com\/index.php\/wp-json\/wp\/v2\/posts"}],"about":[{"href":"https:\/\/agridulcenoticias.com\/index.php\/wp-json\/wp\/v2\/types\/post"}],"author":[{"embeddable":true,"href":"https:\/\/agridulcenoticias.com\/index.php\/wp-json\/wp\/v2\/users\/1"}],"replies":[{"embeddable":true,"href":"https:\/\/agridulcenoticias.com\/index.php\/wp-json\/wp\/v2\/comments?post=2540"}],"version-history":[{"count":1,"href":"https:\/\/agridulcenoticias.com\/index.php\/wp-json\/wp\/v2\/posts\/2540\/revisions"}],"predecessor-version":[{"id":2542,"href":"https:\/\/agridulcenoticias.com\/index.php\/wp-json\/wp\/v2\/posts\/2540\/revisions\/2542"}],"wp:featuredmedia":[{"embeddable":true,"href":"https:\/\/agridulcenoticias.com\/index.php\/wp-json\/wp\/v2\/media\/2541"}],"wp:attachment":[{"href":"https:\/\/agridulcenoticias.com\/index.php\/wp-json\/wp\/v2\/media?parent=2540"}],"wp:term":[{"taxonomy":"category","embeddable":true,"href":"https:\/\/agridulcenoticias.com\/index.php\/wp-json\/wp\/v2\/categories?post=2540"},{"taxonomy":"post_tag","embeddable":true,"href":"https:\/\/agridulcenoticias.com\/index.php\/wp-json\/wp\/v2\/tags?post=2540"}],"curies":[{"name":"wp","href":"https:\/\/api.w.org\/{rel}","templated":true}]}}