{"id":2576,"date":"2025-11-08T23:09:52","date_gmt":"2025-11-09T05:09:52","guid":{"rendered":"https:\/\/agridulcenoticias.com\/?p=2576"},"modified":"2025-11-08T23:09:54","modified_gmt":"2025-11-09T05:09:54","slug":"impulsa-gobierno-de-tamaulipas-infraestructura-educativa-en-universidades-del-estado","status":"publish","type":"post","link":"https:\/\/agridulcenoticias.com\/index.php\/2025\/11\/08\/impulsa-gobierno-de-tamaulipas-infraestructura-educativa-en-universidades-del-estado\/","title":{"rendered":"Impulsa Gobierno de Tamaulipas infraestructura educativa en universidades del estado"},"content":{"rendered":"\n<p>Ciudad Victoria, Tamaulipas.- En el marco del programa anual de obra 2025, el Gobierno del Estado que encabeza el doctor Am\u00e9rico Villarreal Anaya, a trav\u00e9s del Instituto Tamaulipeco de Infraestructura F\u00edsica Educativa (ITIFE), contin\u00faa fortaleciendo planteles escolares de nivel superior en Tamaulipas, al destinar una inversi\u00f3n superior a los 26 millones de pesos.<\/p>\n\n\n\n<p>El director general del ITIFE, Sergio Oliverio Castillo Sag\u00e1stegui, apunt\u00f3 que el objetivo es garantizar espacios modernos, dignos y equipados para la formaci\u00f3n profesional de las y los estudiantes universitarios con obras enfocadas a la construcci\u00f3n, rehabilitaci\u00f3n y adecuaci\u00f3n de espacios educativos en distintos municipios del estado.<\/p>\n\n\n\n<p>Asimismo, destac\u00f3 las acciones realizadas en la Universidad Tecnol\u00f3gica de Altamira, U.P.Ns Reynosa, Tampico, Nuevo Laredo, Victoria y Matamoros, adem\u00e1s de los Institutos tecnol\u00f3gicos Laredo, Reynosa, Altamira y Victoria.<\/p>\n\n\n\n<p>El servidor p\u00fablico subray\u00f3 que antes de concluir el a\u00f1o se superar\u00e1n los 14 millones de pesos en equipamiento y mobiliario, beneficiando a instituciones de educaci\u00f3n superior con aulas funcionales, laboratorios, \u00e1reas administrativas y espacios adaptados a las necesidades actuales del aprendizaje.<\/p>\n\n\n\n<p>\u201cEl compromiso del gobierno estatal es seguir transformando la infraestructura educativa con una visi\u00f3n humanista, fortaleciendo las universidades p\u00fablicas para ofrecer mejores oportunidades a la juventud tamaulipeca\u201d, refiri\u00f3 el titular del ITIFE.<\/p>\n\n\n\n<p>Con estas acciones, dijo, el Gobierno del Estado refrenda su compromiso con la educaci\u00f3n, impulsando el bienestar, la innovaci\u00f3n y el desarrollo acad\u00e9mico en todas las regiones de Tamaulipas.<\/p>\n","protected":false},"excerpt":{"rendered":"<p>Ciudad Victoria, Tamaulipas.- En el marco del programa anual de obra 2025, el Gobierno del&#8230;<\/p>\n","protected":false},"author":1,"featured_media":2577,"comment_status":"open","ping_status":"closed","sticky":false,"template":"","format":"standard","meta":{"footnotes":""},"categories":[5],"tags":[],"class_list":["post-2576","post","type-post","status-publish","format-standard","has-post-thumbnail","hentry","category-tamaulipas"],"_links":{"self":[{"href":"https:\/\/agridulcenoticias.com\/index.php\/wp-json\/wp\/v2\/posts\/2576","targetHints":{"allow":["GET"]}}],"collection":[{"href":"https:\/\/agridulcenoticias.com\/index.php\/wp-json\/wp\/v2\/posts"}],"about":[{"href":"https:\/\/agridulcenoticias.com\/index.php\/wp-json\/wp\/v2\/types\/post"}],"author":[{"embeddable":true,"href":"https:\/\/agridulcenoticias.com\/index.php\/wp-json\/wp\/v2\/users\/1"}],"replies":[{"embeddable":true,"href":"https:\/\/agridulcenoticias.com\/index.php\/wp-json\/wp\/v2\/comments?post=2576"}],"version-history":[{"count":1,"href":"https:\/\/agridulcenoticias.com\/index.php\/wp-json\/wp\/v2\/posts\/2576\/revisions"}],"predecessor-version":[{"id":2578,"href":"https:\/\/agridulcenoticias.com\/index.php\/wp-json\/wp\/v2\/posts\/2576\/revisions\/2578"}],"wp:featuredmedia":[{"embeddable":true,"href":"https:\/\/agridulcenoticias.com\/index.php\/wp-json\/wp\/v2\/media\/2577"}],"wp:attachment":[{"href":"https:\/\/agridulcenoticias.com\/index.php\/wp-json\/wp\/v2\/media?parent=2576"}],"wp:term":[{"taxonomy":"category","embeddable":true,"href":"https:\/\/agridulcenoticias.com\/index.php\/wp-json\/wp\/v2\/categories?post=2576"},{"taxonomy":"post_tag","embeddable":true,"href":"https:\/\/agridulcenoticias.com\/index.php\/wp-json\/wp\/v2\/tags?post=2576"}],"curies":[{"name":"wp","href":"https:\/\/api.w.org\/{rel}","templated":true}]}}