{"id":2579,"date":"2025-11-08T23:19:23","date_gmt":"2025-11-09T05:19:23","guid":{"rendered":"https:\/\/agridulcenoticias.com\/?p=2579"},"modified":"2025-11-08T23:19:25","modified_gmt":"2025-11-09T05:19:25","slug":"llama-set-a-familias-a-estar-atentas-a-la-llegada-del-frente-frio-no-13","status":"publish","type":"post","link":"https:\/\/agridulcenoticias.com\/index.php\/2025\/11\/08\/llama-set-a-familias-a-estar-atentas-a-la-llegada-del-frente-frio-no-13\/","title":{"rendered":"Llama SET a familias a estar atentas a la llegada del frente fr\u00edo No. 13"},"content":{"rendered":"\n<p>-De acuerdo con Protecci\u00f3n Civil, las temperaturas m\u00ednimas ser\u00e1n de 6 a 10 grados para la zona norte; de 8 a 12 para el centro; de 11 a 15 en la zona ca\u00f1era, y de 13 a 17 para el sur<\/p>\n\n\n\n<p>Ciudad Victoria, Tamaulipas.\u2013 La Secretar\u00eda de Educaci\u00f3n de Tamaulipas (SET) invita a madres y padres de familia a mantenerse atentos ante el descenso de temperaturas que se sentir\u00e1 en la entidad en los pr\u00f3ximos d\u00edas, como consecuencia de la llegada del Frente Fr\u00edo n\u00famero 13 de la temporada.<\/p>\n\n\n\n<p>No se registrar\u00e1n temperaturas por debajo de los 5 grados cent\u00edgrados, por lo que el servicio educativo se brindar\u00e1 con normalidad; no obstante, se exhorta a las familias a abrigar adecuadamente a ni\u00f1as, ni\u00f1os y adolescentes al asistir a los planteles educativos.<\/p>\n\n\n\n<p>De acuerdo con el reporte emitido por la Coordinaci\u00f3n Estatal de Protecci\u00f3n Civil Tamaulipas, una masa de aire polar \u00e1rtico cruzar\u00e1 el estado durante el domingo, generando un evento de \u201cnorte\u201d y un descenso significativo en las temperaturas durante lunes y martes.<\/p>\n\n\n\n<p>Se prev\u00e9 que este fen\u00f3meno clim\u00e1tico provoque r\u00e1fagas de viento de entre 50 y 70 km\/h, y de hasta 80 km\/h en la zona costera del Golfo de M\u00e9xico, adem\u00e1s de algunas lloviznas dispersas en el territorio estatal.<\/p>\n\n\n\n<p>De acuerdo con Protecci\u00f3n Civil, las temperaturas m\u00ednimas estimadas ser\u00e1n de entre 6 y 10 grados para la zona norte, de 8 a 12 grados para la regi\u00f3n centro, de 11 a 15 grados para la zona ca\u00f1era y de 13 a 17 grados para la regi\u00f3n sur.<\/p>\n\n\n\n<p>En las partes m\u00e1s altas del altiplano tamaulipeco, especialmente en Miquihuana y Bustamante, se prev\u00e9n temperaturas cercanas o por debajo de cero grados durante las madrugadas y amaneceres, con presencia de heladas aisladas.<\/p>\n\n\n\n<p>Ante estas condiciones clim\u00e1ticas, se recomienda especialmente a las familias tomar precauciones con ni\u00f1as, ni\u00f1os, adultos mayores y personas en situaci\u00f3n vulnerable, as\u00ed como asegurar objetos sueltos, toldos o estructuras ligeras que puedan ser desplazadas por el viento, evitar la exposici\u00f3n prolongada al fr\u00edo y proteger adecuadamente a las mascotas.<\/p>\n\n\n\n<p>Asimismo, quienes viajen por carretera o residan en zonas mar\u00edtimas y costeras deben extremar precauciones debido a las r\u00e1fagas de viento que se presentar\u00e1n.<\/p>\n\n\n\n<p>La SET llama a la comunidad escolar a mantenerse informada a trav\u00e9s de los canales oficiales sobre las condiciones del clima, y reafirma el compromiso del Gobierno del Estado, bajo el liderazgo del gobernador Am\u00e9rico Villarreal Anaya, de garantizar las mejores condiciones posibles para ofrecer un servicio educativo seguro y de calidad para las y los tamaulipecos.<\/p>\n","protected":false},"excerpt":{"rendered":"<p>-De acuerdo con Protecci\u00f3n Civil, las temperaturas m\u00ednimas ser\u00e1n de 6 a 10 grados para&#8230;<\/p>\n","protected":false},"author":1,"featured_media":2580,"comment_status":"open","ping_status":"closed","sticky":false,"template":"","format":"standard","meta":{"footnotes":""},"categories":[5],"tags":[],"class_list":["post-2579","post","type-post","status-publish","format-standard","has-post-thumbnail","hentry","category-tamaulipas"],"_links":{"self":[{"href":"https:\/\/agridulcenoticias.com\/index.php\/wp-json\/wp\/v2\/posts\/2579","targetHints":{"allow":["GET"]}}],"collection":[{"href":"https:\/\/agridulcenoticias.com\/index.php\/wp-json\/wp\/v2\/posts"}],"about":[{"href":"https:\/\/agridulcenoticias.com\/index.php\/wp-json\/wp\/v2\/types\/post"}],"author":[{"embeddable":true,"href":"https:\/\/agridulcenoticias.com\/index.php\/wp-json\/wp\/v2\/users\/1"}],"replies":[{"embeddable":true,"href":"https:\/\/agridulcenoticias.com\/index.php\/wp-json\/wp\/v2\/comments?post=2579"}],"version-history":[{"count":1,"href":"https:\/\/agridulcenoticias.com\/index.php\/wp-json\/wp\/v2\/posts\/2579\/revisions"}],"predecessor-version":[{"id":2581,"href":"https:\/\/agridulcenoticias.com\/index.php\/wp-json\/wp\/v2\/posts\/2579\/revisions\/2581"}],"wp:featuredmedia":[{"embeddable":true,"href":"https:\/\/agridulcenoticias.com\/index.php\/wp-json\/wp\/v2\/media\/2580"}],"wp:attachment":[{"href":"https:\/\/agridulcenoticias.com\/index.php\/wp-json\/wp\/v2\/media?parent=2579"}],"wp:term":[{"taxonomy":"category","embeddable":true,"href":"https:\/\/agridulcenoticias.com\/index.php\/wp-json\/wp\/v2\/categories?post=2579"},{"taxonomy":"post_tag","embeddable":true,"href":"https:\/\/agridulcenoticias.com\/index.php\/wp-json\/wp\/v2\/tags?post=2579"}],"curies":[{"name":"wp","href":"https:\/\/api.w.org\/{rel}","templated":true}]}}