{"id":2842,"date":"2025-11-19T22:44:06","date_gmt":"2025-11-20T04:44:06","guid":{"rendered":"https:\/\/agridulcenoticias.com\/?p=2842"},"modified":"2025-11-19T22:44:08","modified_gmt":"2025-11-20T04:44:08","slug":"alistan-operativo-de-seguridad-y-movilidad-para-el-desfile","status":"publish","type":"post","link":"https:\/\/agridulcenoticias.com\/index.php\/2025\/11\/19\/alistan-operativo-de-seguridad-y-movilidad-para-el-desfile\/","title":{"rendered":"Alistan operativo de seguridad y movilidad para el desfile"},"content":{"rendered":"\n<p>CD. MADERO, TAMAULIPAS. \u2014 Con motivo del pr\u00f3ximo desfile c\u00edvico, autoridades municipales y cuerpos de seguridad de los tres niveles de gobierno preparan un operativo especial que incluye cierres viales desde las 5:00 de la ma\u00f1ana, rutas alternas para el transporte p\u00fablico y medidas para garantizar el arribo seguro de estudiantes y asistentes.<\/p>\n\n\n\n<p>Mario Lara, director de Gobierno en Ciudad Madero, dijo que el cierre temprano de vialidades permitir\u00e1 organizar adecuadamente los contingentes, as\u00ed como asegurar que ni\u00f1os y j\u00f3venes lleguen a tiempo y regresen sin contratiempos a sus escuelas y hogares.<\/p>\n\n\n\n<p>\u201cLo estaremos cerrando alrededor de las 5 de la ma\u00f1ana para facilitar el acomodo y el arribo de j\u00f3venes y ni\u00f1os. Queremos garantizar que lleguen con bien al punto donde les corresponde y que su retorno sea igual de seguro\u201d.<\/p>\n\n\n\n<p>Durante una reuni\u00f3n de coordinaci\u00f3n realizada este martes, se defini\u00f3 la participaci\u00f3n de diversas dependencias. Por parte del Ayuntamiento intervendr\u00e1n Protecci\u00f3n Civil y Tr\u00e1nsito Municipal; por el Gobierno del Estado, la Guardia Estatal; y a nivel federal, la Guardia Nacional y la Secretar\u00eda de Marina, esta \u00faltima incorpor\u00e1ndose directamente al desfile.<\/p>\n\n\n\n<p>Adem\u00e1s, grupos de voluntarios de asociaciones de rescate se sumar\u00e1n al operativo para reforzar la atenci\u00f3n y vigilancia a lo largo del evento.<\/p>\n","protected":false},"excerpt":{"rendered":"<p>CD. MADERO, TAMAULIPAS. \u2014 Con motivo del pr\u00f3ximo desfile c\u00edvico, autoridades municipales y cuerpos de&#8230;<\/p>\n","protected":false},"author":1,"featured_media":2843,"comment_status":"open","ping_status":"closed","sticky":false,"template":"","format":"standard","meta":{"footnotes":""},"categories":[3,5],"tags":[],"class_list":["post-2842","post","type-post","status-publish","format-standard","has-post-thumbnail","hentry","category-madero","category-tamaulipas"],"_links":{"self":[{"href":"https:\/\/agridulcenoticias.com\/index.php\/wp-json\/wp\/v2\/posts\/2842","targetHints":{"allow":["GET"]}}],"collection":[{"href":"https:\/\/agridulcenoticias.com\/index.php\/wp-json\/wp\/v2\/posts"}],"about":[{"href":"https:\/\/agridulcenoticias.com\/index.php\/wp-json\/wp\/v2\/types\/post"}],"author":[{"embeddable":true,"href":"https:\/\/agridulcenoticias.com\/index.php\/wp-json\/wp\/v2\/users\/1"}],"replies":[{"embeddable":true,"href":"https:\/\/agridulcenoticias.com\/index.php\/wp-json\/wp\/v2\/comments?post=2842"}],"version-history":[{"count":1,"href":"https:\/\/agridulcenoticias.com\/index.php\/wp-json\/wp\/v2\/posts\/2842\/revisions"}],"predecessor-version":[{"id":2844,"href":"https:\/\/agridulcenoticias.com\/index.php\/wp-json\/wp\/v2\/posts\/2842\/revisions\/2844"}],"wp:featuredmedia":[{"embeddable":true,"href":"https:\/\/agridulcenoticias.com\/index.php\/wp-json\/wp\/v2\/media\/2843"}],"wp:attachment":[{"href":"https:\/\/agridulcenoticias.com\/index.php\/wp-json\/wp\/v2\/media?parent=2842"}],"wp:term":[{"taxonomy":"category","embeddable":true,"href":"https:\/\/agridulcenoticias.com\/index.php\/wp-json\/wp\/v2\/categories?post=2842"},{"taxonomy":"post_tag","embeddable":true,"href":"https:\/\/agridulcenoticias.com\/index.php\/wp-json\/wp\/v2\/tags?post=2842"}],"curies":[{"name":"wp","href":"https:\/\/api.w.org\/{rel}","templated":true}]}}