{"id":2893,"date":"2025-11-20T23:43:08","date_gmt":"2025-11-21T05:43:08","guid":{"rendered":"https:\/\/agridulcenoticias.com\/?p=2893"},"modified":"2025-11-20T23:43:10","modified_gmt":"2025-11-21T05:43:10","slug":"demuestra-honestidad-casa-blanca-defiende-a-trump-por-llamar-cerdita-a-reportera","status":"publish","type":"post","link":"https:\/\/agridulcenoticias.com\/index.php\/2025\/11\/20\/demuestra-honestidad-casa-blanca-defiende-a-trump-por-llamar-cerdita-a-reportera\/","title":{"rendered":"\u201cDemuestra honestidad\u201d: Casa Blanca defiende a Trump por llamar \u2018cerdita\u2019 a reportera"},"content":{"rendered":"\n<p>La portavoz de la Casa Blanca afirm\u00f3 a los periodistas que \u201cdeber\u00edan apreciar la franqueza\u201d del presidente Trump<\/p>\n\n\n\n<p>La portavoz de la Casa Blanca, Karoline Leavitt, asegur\u00f3 que el hecho de que el presidente Donald Trump llamara \u201ccerdita\u201d a una periodista demuestra que el mandatario es \u201chonesto\u201d y \u201ctransparente\u201d con los medios de comunicaci\u00f3n.<\/p>\n\n\n\n<p>\u201cEl presidente es muy franco y honesto con todos los presentes en esta sala. Lo han visto ustedes mismos. Lo han experimentado ustedes mismos\u201d, asegur\u00f3 Leavitt en una rueda de prensa despu\u00e9s de que una periodista le preguntara a qu\u00e9 se refer\u00eda Trump cuando llam\u00f3 as\u00ed a una reportera.<\/p>\n\n\n\n<p>El presidente Trump llam\u00f3 \u201ccerdita\u201d y mand\u00f3 callar a Catherine Lucey, corresponsal en la Casa Blanca de la agencia Bloomberg el pasado viernes a bordo del Air Force One cuando esta le pregunt\u00f3 sobre el caso del pederasta Jeffrey Epstein.<\/p>\n\n\n\n<p>\u201cEl presidente se frustra con los periodistas cuando mienten sobre \u00e9l, cuando difunden noticias falsas sobre \u00e9l y su Administraci\u00f3n. Pero tambi\u00e9n es el presidente m\u00e1s transparente de la historia y, como todos ustedes saben, les da a todos los que est\u00e1n en esta sala un acceso sin precedentes\u201d, afirm\u00f3 la portavoz.<\/p>\n\n\n\n<p>Leavitt elogi\u00f3 a Trump como el presidente m\u00e1s transparente y carg\u00f3 contra su predecesor, Joe Biden: \u201cCreo que el hecho de que el presidente sea franco, abierto y honesto con ustedes, en lugar de esconderse a sus espaldas, es, francamente, mucho m\u00e1s respetuoso que lo que vieron en la \u00faltima Administraci\u00f3n\u201d, indic\u00f3.<\/p>\n\n\n\n<p>\u201cTodos los que est\u00e1n en esta sala deber\u00edan apreciar la franqueza y la apertura que les brinda el presidente Trump casi a diario\u201d, concluy\u00f3.<\/p>\n\n\n\n<p>La publicaci\u00f3n del video en el que se ve a Trump insultando a la reportera desat\u00f3 cr\u00edticas del gremio period\u00edstico.<\/p>\n\n\n\n<p>Este es uno m\u00e1s de los ataques del mandatario contra los periodistas, especialmente contra las mujeres. El martes llam\u00f3 \u201cp\u00e9sima reportera\u201d a una profesional que tambi\u00e9n le pregunt\u00f3 por los documentos de Epstein.<\/p>\n","protected":false},"excerpt":{"rendered":"<p>La portavoz de la Casa Blanca afirm\u00f3 a los periodistas que \u201cdeber\u00edan apreciar la franqueza\u201d&#8230;<\/p>\n","protected":false},"author":1,"featured_media":2894,"comment_status":"open","ping_status":"closed","sticky":false,"template":"","format":"standard","meta":{"footnotes":""},"categories":[15],"tags":[],"class_list":["post-2893","post","type-post","status-publish","format-standard","has-post-thumbnail","hentry","category-internacional"],"_links":{"self":[{"href":"https:\/\/agridulcenoticias.com\/index.php\/wp-json\/wp\/v2\/posts\/2893","targetHints":{"allow":["GET"]}}],"collection":[{"href":"https:\/\/agridulcenoticias.com\/index.php\/wp-json\/wp\/v2\/posts"}],"about":[{"href":"https:\/\/agridulcenoticias.com\/index.php\/wp-json\/wp\/v2\/types\/post"}],"author":[{"embeddable":true,"href":"https:\/\/agridulcenoticias.com\/index.php\/wp-json\/wp\/v2\/users\/1"}],"replies":[{"embeddable":true,"href":"https:\/\/agridulcenoticias.com\/index.php\/wp-json\/wp\/v2\/comments?post=2893"}],"version-history":[{"count":1,"href":"https:\/\/agridulcenoticias.com\/index.php\/wp-json\/wp\/v2\/posts\/2893\/revisions"}],"predecessor-version":[{"id":2895,"href":"https:\/\/agridulcenoticias.com\/index.php\/wp-json\/wp\/v2\/posts\/2893\/revisions\/2895"}],"wp:featuredmedia":[{"embeddable":true,"href":"https:\/\/agridulcenoticias.com\/index.php\/wp-json\/wp\/v2\/media\/2894"}],"wp:attachment":[{"href":"https:\/\/agridulcenoticias.com\/index.php\/wp-json\/wp\/v2\/media?parent=2893"}],"wp:term":[{"taxonomy":"category","embeddable":true,"href":"https:\/\/agridulcenoticias.com\/index.php\/wp-json\/wp\/v2\/categories?post=2893"},{"taxonomy":"post_tag","embeddable":true,"href":"https:\/\/agridulcenoticias.com\/index.php\/wp-json\/wp\/v2\/tags?post=2893"}],"curies":[{"name":"wp","href":"https:\/\/api.w.org\/{rel}","templated":true}]}}