{"id":2911,"date":"2025-11-21T23:44:00","date_gmt":"2025-11-22T05:44:00","guid":{"rendered":"https:\/\/agridulcenoticias.com\/?p=2911"},"modified":"2025-11-21T23:44:02","modified_gmt":"2025-11-22T05:44:02","slug":"detectan-cobro-de-familiares-fallecidas","status":"publish","type":"post","link":"https:\/\/agridulcenoticias.com\/index.php\/2025\/11\/21\/detectan-cobro-de-familiares-fallecidas\/","title":{"rendered":"Detectan cobro de familiares fallecidas"},"content":{"rendered":"\n<p>\u201cHay quienes dicen: \u2018Mi familiar ya falleci\u00f3 y ya no me lleg\u00f3, pero yo quisiera seguir cobrando\u2019. Pues no, porque ya falleci\u00f3. es un derecho de la persona, no de la familia\u201d<\/p>\n\n\n\n<p>El director regional de Programas Federales en la zona sur, Rodolfo Rodr\u00edguez Boj\u00f3rquez, inform\u00f3 que recientemente se detectaron casos de duplicidad de inscripciones y personas que intentaban seguir cobrando apoyos a nombre de familiares fallecidos.<\/p>\n\n\n\n<p>CD. MADERO, TAMAULIPAS. \u2013 El director regional de Programas Federales en la zona sur, Rodolfo Rodr\u00edguez Boj\u00f3rquez, inform\u00f3 que recientemente se detectaron casos de duplicidad de inscripciones y personas que intentaban seguir cobrando apoyos a nombre de familiares fallecidos.<\/p>\n\n\n\n<p>Explic\u00f3 que, en administraciones anteriores, algunas personas llegaron a recibir pagos duplicados durante varios bimestres. Cuando esto fue identificado, el Gobierno Federal aplic\u00f3 una correcci\u00f3n:<\/p>\n\n\n\n<p>Quienes cobraron doble durante seis bimestres dejaron de recibir el apoyo en los seis bimestres siguientes, pues se consider\u00f3 como un pago adelantado.<\/p>\n\n\n\n<p>Rodr\u00edguez Boj\u00f3rquez a\u00f1adi\u00f3 que con la actual bancarizaci\u00f3n total de los programas y el uso de la CUT, el sistema detecta autom\u00e1ticamente defunciones, duplicidades y registros irregulares, ya que toda la informaci\u00f3n se cruza con RENAPO, lo que permite tener un padr\u00f3n m\u00e1s ordenado y transparente.<\/p>\n\n\n\n<p>Tambi\u00e9n se\u00f1al\u00f3 que a\u00fan hay personas que se acercan a preguntar por apoyos de familiares fallecidos:<\/p>\n\n\n\n<p>\u201cHay quienes dicen: \u2018Mi familiar ya falleci\u00f3 y ya no me lleg\u00f3, pero yo quisiera seguir cobrando\u2019. Pues no, porque ya falleci\u00f3. Es un derecho de la persona, no de la familia\u201d, subray\u00f3.<\/p>\n\n\n\n<p>El funcionario reiter\u00f3 que los programas sociales est\u00e1n destinados exclusivamente a quienes cumplen los requisitos y permanecen activos en vida, por lo que cualquier intento de cobro indebido ser\u00e1 detectado y bloqueado.<\/p>\n","protected":false},"excerpt":{"rendered":"<p>\u201cHay quienes dicen: \u2018Mi familiar ya falleci\u00f3 y ya no me lleg\u00f3, pero yo quisiera&#8230;<\/p>\n","protected":false},"author":1,"featured_media":2912,"comment_status":"open","ping_status":"closed","sticky":false,"template":"","format":"standard","meta":{"footnotes":""},"categories":[3,5],"tags":[],"class_list":["post-2911","post","type-post","status-publish","format-standard","has-post-thumbnail","hentry","category-madero","category-tamaulipas"],"_links":{"self":[{"href":"https:\/\/agridulcenoticias.com\/index.php\/wp-json\/wp\/v2\/posts\/2911","targetHints":{"allow":["GET"]}}],"collection":[{"href":"https:\/\/agridulcenoticias.com\/index.php\/wp-json\/wp\/v2\/posts"}],"about":[{"href":"https:\/\/agridulcenoticias.com\/index.php\/wp-json\/wp\/v2\/types\/post"}],"author":[{"embeddable":true,"href":"https:\/\/agridulcenoticias.com\/index.php\/wp-json\/wp\/v2\/users\/1"}],"replies":[{"embeddable":true,"href":"https:\/\/agridulcenoticias.com\/index.php\/wp-json\/wp\/v2\/comments?post=2911"}],"version-history":[{"count":1,"href":"https:\/\/agridulcenoticias.com\/index.php\/wp-json\/wp\/v2\/posts\/2911\/revisions"}],"predecessor-version":[{"id":2913,"href":"https:\/\/agridulcenoticias.com\/index.php\/wp-json\/wp\/v2\/posts\/2911\/revisions\/2913"}],"wp:featuredmedia":[{"embeddable":true,"href":"https:\/\/agridulcenoticias.com\/index.php\/wp-json\/wp\/v2\/media\/2912"}],"wp:attachment":[{"href":"https:\/\/agridulcenoticias.com\/index.php\/wp-json\/wp\/v2\/media?parent=2911"}],"wp:term":[{"taxonomy":"category","embeddable":true,"href":"https:\/\/agridulcenoticias.com\/index.php\/wp-json\/wp\/v2\/categories?post=2911"},{"taxonomy":"post_tag","embeddable":true,"href":"https:\/\/agridulcenoticias.com\/index.php\/wp-json\/wp\/v2\/tags?post=2911"}],"curies":[{"name":"wp","href":"https:\/\/api.w.org\/{rel}","templated":true}]}}