{"id":2914,"date":"2025-11-21T23:52:10","date_gmt":"2025-11-22T05:52:10","guid":{"rendered":"https:\/\/agridulcenoticias.com\/?p=2914"},"modified":"2025-11-21T23:52:12","modified_gmt":"2025-11-22T05:52:12","slug":"invita-sheinbaum-a-celebrar-los-7-anos-de-la-4-t","status":"publish","type":"post","link":"https:\/\/agridulcenoticias.com\/index.php\/2025\/11\/21\/invita-sheinbaum-a-celebrar-los-7-anos-de-la-4-t\/","title":{"rendered":"Invita Sheinbaum a celebrar los 7 a\u00f1os de la 4-T"},"content":{"rendered":"\n<p>Desde Tuxtla Guti\u00e9rrez, la mandataria federal asegur\u00f3 que el movimiento de la 4-T est\u00e1 fuerte y que pese a que algunos quieren sus \u201cprivilegios\u201d, no lograr\u00e1n traicionar al pueblo<\/p>\n\n\n\n<p>La presidenta de M\u00e9xico, Claudia Sheinbaum, invit\u00f3 a los mexicanos a participar el 6 de diciembre en una concentraci\u00f3n en el Z\u00f3calo de la Ciudad de M\u00e9xico por los siete a\u00f1os de la llamada Cuarta Transformaci\u00f3n.<\/p>\n\n\n\n<p>Desde Tuxtla Guti\u00e9rrez, la mandataria federal asegur\u00f3 que el movimiento de la 4-T est\u00e1 fuerte y que pese a que algunos quieren sus \u201cprivilegios\u201c, no lograr\u00e1n traicionar al pueblo.<\/p>\n\n\n\n<p>As\u00ed, Sheinbaum Pardo asegur\u00f3 que el evento que realizar\u00e1 en el Z\u00f3calo recordar\u00e1 la llegada de la llamada Cuarta Transformaci\u00f3n, cuando Andr\u00e9s Manuel L\u00f3pez Obrador tom\u00f3 posesi\u00f3n como presidente de M\u00e9xico.<\/p>\n","protected":false},"excerpt":{"rendered":"<p>Desde Tuxtla Guti\u00e9rrez, la mandataria federal asegur\u00f3 que el movimiento de la 4-T est\u00e1 fuerte&#8230;<\/p>\n","protected":false},"author":1,"featured_media":2915,"comment_status":"open","ping_status":"closed","sticky":false,"template":"","format":"standard","meta":{"footnotes":""},"categories":[14],"tags":[],"class_list":["post-2914","post","type-post","status-publish","format-standard","has-post-thumbnail","hentry","category-nacional"],"_links":{"self":[{"href":"https:\/\/agridulcenoticias.com\/index.php\/wp-json\/wp\/v2\/posts\/2914","targetHints":{"allow":["GET"]}}],"collection":[{"href":"https:\/\/agridulcenoticias.com\/index.php\/wp-json\/wp\/v2\/posts"}],"about":[{"href":"https:\/\/agridulcenoticias.com\/index.php\/wp-json\/wp\/v2\/types\/post"}],"author":[{"embeddable":true,"href":"https:\/\/agridulcenoticias.com\/index.php\/wp-json\/wp\/v2\/users\/1"}],"replies":[{"embeddable":true,"href":"https:\/\/agridulcenoticias.com\/index.php\/wp-json\/wp\/v2\/comments?post=2914"}],"version-history":[{"count":1,"href":"https:\/\/agridulcenoticias.com\/index.php\/wp-json\/wp\/v2\/posts\/2914\/revisions"}],"predecessor-version":[{"id":2916,"href":"https:\/\/agridulcenoticias.com\/index.php\/wp-json\/wp\/v2\/posts\/2914\/revisions\/2916"}],"wp:featuredmedia":[{"embeddable":true,"href":"https:\/\/agridulcenoticias.com\/index.php\/wp-json\/wp\/v2\/media\/2915"}],"wp:attachment":[{"href":"https:\/\/agridulcenoticias.com\/index.php\/wp-json\/wp\/v2\/media?parent=2914"}],"wp:term":[{"taxonomy":"category","embeddable":true,"href":"https:\/\/agridulcenoticias.com\/index.php\/wp-json\/wp\/v2\/categories?post=2914"},{"taxonomy":"post_tag","embeddable":true,"href":"https:\/\/agridulcenoticias.com\/index.php\/wp-json\/wp\/v2\/tags?post=2914"}],"curies":[{"name":"wp","href":"https:\/\/api.w.org\/{rel}","templated":true}]}}