{"id":2935,"date":"2025-11-22T23:33:10","date_gmt":"2025-11-23T05:33:10","guid":{"rendered":"https:\/\/agridulcenoticias.com\/?p=2935"},"modified":"2025-11-22T23:33:14","modified_gmt":"2025-11-23T05:33:14","slug":"octavo-escolta-del-alcalde-asesinado-carlos-manzo-esta-profugo","status":"publish","type":"post","link":"https:\/\/agridulcenoticias.com\/index.php\/2025\/11\/22\/octavo-escolta-del-alcalde-asesinado-carlos-manzo-esta-profugo\/","title":{"rendered":"Octavo escolta del alcalde asesinado Carlos Manzo est\u00e1 pr\u00f3fugo"},"content":{"rendered":"\n<p>El gobernador de Michoac\u00e1n, Alfredo Ram\u00edrez Bedolla, confirm\u00f3 que el octavo escolta de Carlos Manzo est\u00e1 pr\u00f3fugo de la justicia<\/p>\n\n\n\n<p>Alfredo Ram\u00edrez Bedolla, gobernador de Michoac\u00e1n, detall\u00f3 que uno de los escoltas del alcalde asesinado de Uruapan, Carlos Manzo, se encuentra pr\u00f3fugo.<\/p>\n\n\n\n<p>\u201cAyer fueron detenidos siete (escoltas), uno no fue detenido, es decir, se encuentra pr\u00f3fugo, pero siete fueron detenidos\u201d, indic\u00f3 en entrevista a medios de comunicaci\u00f3n.<\/p>\n\n\n\n<p>\u201cSe le est\u00e1n tomando sus declaraciones, est\u00e1n ya puestos a disposici\u00f3n del juez correspondiente, quien determinar\u00e1 su situaci\u00f3n legal. Creo que es muy acertado lo que est\u00e1 haciendo la Fiscal\u00eda y el propio secretario (de Seguridad), Omar Garc\u00eda Harfuch\u201d, agreg\u00f3.<\/p>\n\n\n\n<p>El mandatario estatal indic\u00f3 que la indagatoria est\u00e1 a cargo de la Fiscal\u00eda de Michoac\u00e1n, con equipos especializados de la Secretar\u00eda de Seguridad y Protecci\u00f3n Ciudadana (SSPC) del Gobierno federal.<\/p>\n\n\n\n<p>\u201cSe est\u00e1 haciendo una investigaci\u00f3n integral, amplia, de 360 grados, todos los sentidos donde hay alguna l\u00ednea de investigaci\u00f3n se est\u00e1 desdoblando y desarrollando\u201d, argument\u00f3.<\/p>\n\n\n\n<p>\u201cYa se estableci\u00f3 por parte de la Fiscal\u00eda esta l\u00ednea que incluye su primer c\u00edrculo de seguridad, ocho escoltas. Hay una colaboraci\u00f3n muy estrecha entre Omar Garc\u00eda Harfuch y Carlos Torres Pi\u00f1a, el fiscal, y nosotros estamos atentos, colaborando en todo lo que podemos\u201d, explic\u00f3.<\/p>\n\n\n\n<p>Ram\u00edrez Bedolla se\u00f1al\u00f3 que tambi\u00e9n se investiga a los elementos de la Guardia Nacional por el homicidio de Manzo Rodr\u00edguez.<\/p>\n\n\n\n<p>\u201cEl propio presidente municipal fue quien determin\u00f3 que estos escoltas fueran su c\u00edrculo m\u00e1s cercano en cuanto al tema de su seguridad, y la Guardia Nacional siempre hac\u00eda un segundo c\u00edrculo en su entorno\u201d, enfatiz\u00f3.<\/p>\n\n\n\n<p>Este s\u00e1bado 22 de noviembre de 2025, un juez de control orden\u00f3 prisi\u00f3n preventiva oficiosa para Jorge Armando \u201cN\u201d, alias el Licenciado, y siete escoltas por el asesinato del presidente municipal de Uruapan, Carlos Manzo, ocurrido la noche del s\u00e1bado 1 de noviembre de 2025 durante un evento por el D\u00eda de Muertos.<\/p>\n","protected":false},"excerpt":{"rendered":"<p>El gobernador de Michoac\u00e1n, Alfredo Ram\u00edrez Bedolla, confirm\u00f3 que el octavo escolta de Carlos Manzo&#8230;<\/p>\n","protected":false},"author":1,"featured_media":2936,"comment_status":"open","ping_status":"closed","sticky":false,"template":"","format":"standard","meta":{"footnotes":""},"categories":[14],"tags":[],"class_list":["post-2935","post","type-post","status-publish","format-standard","has-post-thumbnail","hentry","category-nacional"],"_links":{"self":[{"href":"https:\/\/agridulcenoticias.com\/index.php\/wp-json\/wp\/v2\/posts\/2935","targetHints":{"allow":["GET"]}}],"collection":[{"href":"https:\/\/agridulcenoticias.com\/index.php\/wp-json\/wp\/v2\/posts"}],"about":[{"href":"https:\/\/agridulcenoticias.com\/index.php\/wp-json\/wp\/v2\/types\/post"}],"author":[{"embeddable":true,"href":"https:\/\/agridulcenoticias.com\/index.php\/wp-json\/wp\/v2\/users\/1"}],"replies":[{"embeddable":true,"href":"https:\/\/agridulcenoticias.com\/index.php\/wp-json\/wp\/v2\/comments?post=2935"}],"version-history":[{"count":1,"href":"https:\/\/agridulcenoticias.com\/index.php\/wp-json\/wp\/v2\/posts\/2935\/revisions"}],"predecessor-version":[{"id":2937,"href":"https:\/\/agridulcenoticias.com\/index.php\/wp-json\/wp\/v2\/posts\/2935\/revisions\/2937"}],"wp:featuredmedia":[{"embeddable":true,"href":"https:\/\/agridulcenoticias.com\/index.php\/wp-json\/wp\/v2\/media\/2936"}],"wp:attachment":[{"href":"https:\/\/agridulcenoticias.com\/index.php\/wp-json\/wp\/v2\/media?parent=2935"}],"wp:term":[{"taxonomy":"category","embeddable":true,"href":"https:\/\/agridulcenoticias.com\/index.php\/wp-json\/wp\/v2\/categories?post=2935"},{"taxonomy":"post_tag","embeddable":true,"href":"https:\/\/agridulcenoticias.com\/index.php\/wp-json\/wp\/v2\/tags?post=2935"}],"curies":[{"name":"wp","href":"https:\/\/api.w.org\/{rel}","templated":true}]}}