{"id":2942,"date":"2025-11-22T23:45:33","date_gmt":"2025-11-23T05:45:33","guid":{"rendered":"https:\/\/agridulcenoticias.com\/?p=2942"},"modified":"2025-11-22T23:45:36","modified_gmt":"2025-11-23T05:45:36","slug":"aerolineas-suspenden-vuelos-a-venezuela-tras-aviso-de-ee-uu-de-actividad-militar-en-aumento","status":"publish","type":"post","link":"https:\/\/agridulcenoticias.com\/index.php\/2025\/11\/22\/aerolineas-suspenden-vuelos-a-venezuela-tras-aviso-de-ee-uu-de-actividad-militar-en-aumento\/","title":{"rendered":"Aerol\u00edneas suspenden vuelos a Venezuela tras aviso de EE.UU. de \u201cactividad militar en aumento\u201d"},"content":{"rendered":"\n<p>Varios aerol\u00edneas anunciaron este s\u00e1bado 22 de noviembre la suspensi\u00f3n de sus vuelos a Venezuela, tras el aviso de la FAA de Estados Unidos<\/p>\n\n\n\n<p>Diversas aerol\u00edneas suspendieron sus vuelos a Venezuela, luego de que la Administraci\u00f3n Federal de Aviaci\u00f3n de Estados Unidos (FAA en ingl\u00e9s) emitiera un aviso internacional que inst\u00f3 a \u201cextremar la precauci\u00f3n\u201d al sobrevolar ese pa\u00eds y el sur del mar Caribe.<\/p>\n\n\n\n<p>Las aerol\u00edneas Iberia, Avianca, TAP y Gol anunciaron este s\u00e1bado 22 de noviembre que cancelan sus vuelos a Venezuela.<\/p>\n\n\n\n<p>\u201cCancelamos los vuelos de hoy por ajustes operacionales y estamos evaluando la situaci\u00f3n como todas las aerol\u00edneas\u201d, dijo a EFE una fuente de Avianca, que tiene dos vuelos diarios de Bogot\u00e1 a Caracas.<\/p>\n\n\n\n<p>Wingo, otra aerol\u00ednea colombiana que tambi\u00e9n vuela a Venezuela, no ha cancelado sus vuelos de momento y est\u00e1 pendiente de la evoluci\u00f3n de la situaci\u00f3n.<\/p>\n\n\n\n<p>\u201cNosotros no hemos cancelado los vuelos de los pr\u00f3ximos dos d\u00edas, lo estamos evaluando dependiendo de las condiciones de seguridad, etc\u201d, dijo a EFE una portavoz de Wingo.<\/p>\n\n\n\n<p>La cancelaci\u00f3n de estos vuelos se produce despu\u00e9s del aviso que emiti\u00f3 el viernes la FAA de Estados Unidos instando a los vuelos comerciales a \u201cextremar la precauci\u00f3n\u201d al sobrevolar Venezuela y el sur del Caribe ante lo que considera \u201cuna situaci\u00f3n potencialmente peligrosa en la regi\u00f3n\u201d.<\/p>\n\n\n\n<p>El aviso coincide con el despliegue militar de Washington en el mar Caribe con el pretexto de combatir el tr\u00e1fico de drogas, operaci\u00f3n que el Gobierno de Venezuela ve como una \u201camenaza\u201d para propiciar un cambio de Gobierno en ese pa\u00eds.<\/p>\n\n\n\n<p>Ese despliegue fue reforzado la semana pasada con la llegada al sur del mar Caribe del USS Gerald Ford, el mayor y m\u00e1s sofisticado portaaviones de EE.UU., para sumarse al gran despliegue militar del Pent\u00e1gono.<\/p>\n\n\n\n<p>La Aeron\u00e1utica Civil de Colombia (Aerocivil) dijo este s\u00e1bado que est\u00e1 en contacto con las aerol\u00edneas para garantizar la seguridad a\u00e9rea en sus vuelos a Venezuela.<\/p>\n\n\n\n<p>La Aerocivil solicit\u00f3 el viernes a todas las aerol\u00edneas comerciales que operan rutas que atraviesan o se aproximan al FIR Maiquet\u00eda (Caracas) la entrega de un an\u00e1lisis interno sobre el impacto del aviso en sus operaciones.<\/p>\n","protected":false},"excerpt":{"rendered":"<p>Varios aerol\u00edneas anunciaron este s\u00e1bado 22 de noviembre la suspensi\u00f3n de sus vuelos a Venezuela,&#8230;<\/p>\n","protected":false},"author":1,"featured_media":2943,"comment_status":"open","ping_status":"closed","sticky":false,"template":"","format":"standard","meta":{"footnotes":""},"categories":[15],"tags":[],"class_list":["post-2942","post","type-post","status-publish","format-standard","has-post-thumbnail","hentry","category-internacional"],"_links":{"self":[{"href":"https:\/\/agridulcenoticias.com\/index.php\/wp-json\/wp\/v2\/posts\/2942","targetHints":{"allow":["GET"]}}],"collection":[{"href":"https:\/\/agridulcenoticias.com\/index.php\/wp-json\/wp\/v2\/posts"}],"about":[{"href":"https:\/\/agridulcenoticias.com\/index.php\/wp-json\/wp\/v2\/types\/post"}],"author":[{"embeddable":true,"href":"https:\/\/agridulcenoticias.com\/index.php\/wp-json\/wp\/v2\/users\/1"}],"replies":[{"embeddable":true,"href":"https:\/\/agridulcenoticias.com\/index.php\/wp-json\/wp\/v2\/comments?post=2942"}],"version-history":[{"count":1,"href":"https:\/\/agridulcenoticias.com\/index.php\/wp-json\/wp\/v2\/posts\/2942\/revisions"}],"predecessor-version":[{"id":2944,"href":"https:\/\/agridulcenoticias.com\/index.php\/wp-json\/wp\/v2\/posts\/2942\/revisions\/2944"}],"wp:featuredmedia":[{"embeddable":true,"href":"https:\/\/agridulcenoticias.com\/index.php\/wp-json\/wp\/v2\/media\/2943"}],"wp:attachment":[{"href":"https:\/\/agridulcenoticias.com\/index.php\/wp-json\/wp\/v2\/media?parent=2942"}],"wp:term":[{"taxonomy":"category","embeddable":true,"href":"https:\/\/agridulcenoticias.com\/index.php\/wp-json\/wp\/v2\/categories?post=2942"},{"taxonomy":"post_tag","embeddable":true,"href":"https:\/\/agridulcenoticias.com\/index.php\/wp-json\/wp\/v2\/tags?post=2942"}],"curies":[{"name":"wp","href":"https:\/\/api.w.org\/{rel}","templated":true}]}}