{"id":3006,"date":"2025-11-25T21:28:00","date_gmt":"2025-11-26T03:28:00","guid":{"rendered":"https:\/\/agridulcenoticias.com\/?p=3006"},"modified":"2025-11-27T09:30:10","modified_gmt":"2025-11-27T15:30:10","slug":"ante-la-presidenta-sheinbaum-americo-refrenda-compromiso-con-la-transformacion","status":"publish","type":"post","link":"https:\/\/agridulcenoticias.com\/index.php\/2025\/11\/25\/ante-la-presidenta-sheinbaum-americo-refrenda-compromiso-con-la-transformacion\/","title":{"rendered":"Ante la presidenta Sheinbaum, Am\u00e9rico refrenda compromiso con la Transformaci\u00f3n"},"content":{"rendered":"\n<p><a><\/a>Ciudad de M\u00e9xico.- Al reunirse con la presidenta de M\u00e9xico, Claudia Sheinbaum Pardo, el gobernador Am\u00e9rico Villarreal Anaya refrend\u00f3 el compromiso de Tamaulipas con la transformaci\u00f3n que est\u00e1 cambiando la vida de nuestra gente.<\/p>\n\n\n\n<p>\u00abTamaulipas avanza firme, de la mano de la presidenta y de su gobierno, trabajando juntos por un futuro con m\u00e1s oportunidades para todas y todos\u00bb, expres\u00f3 el mandatario tamaulipeco, luego de su encuentro en Palacio Nacional.<\/p>\n\n\n\n<p>El gobernador del Estado refiri\u00f3 que durante la reuni\u00f3n con la presidenta de M\u00e9xico, dialogaron sobre los proyectos estrat\u00e9gicos que cuentan con todo el respaldo del Gobierno Federal y que fortalecer\u00e1n al estado, garantizando que el bienestar y desarrollo llegue a cada rinc\u00f3n de Tamaulipas.<\/p>\n","protected":false},"excerpt":{"rendered":"<p>Ciudad de M\u00e9xico.- Al reunirse con la presidenta de M\u00e9xico, Claudia Sheinbaum Pardo, el gobernador&#8230;<\/p>\n","protected":false},"author":1,"featured_media":3007,"comment_status":"open","ping_status":"closed","sticky":false,"template":"","format":"standard","meta":{"footnotes":""},"categories":[5],"tags":[],"class_list":["post-3006","post","type-post","status-publish","format-standard","has-post-thumbnail","hentry","category-tamaulipas"],"_links":{"self":[{"href":"https:\/\/agridulcenoticias.com\/index.php\/wp-json\/wp\/v2\/posts\/3006","targetHints":{"allow":["GET"]}}],"collection":[{"href":"https:\/\/agridulcenoticias.com\/index.php\/wp-json\/wp\/v2\/posts"}],"about":[{"href":"https:\/\/agridulcenoticias.com\/index.php\/wp-json\/wp\/v2\/types\/post"}],"author":[{"embeddable":true,"href":"https:\/\/agridulcenoticias.com\/index.php\/wp-json\/wp\/v2\/users\/1"}],"replies":[{"embeddable":true,"href":"https:\/\/agridulcenoticias.com\/index.php\/wp-json\/wp\/v2\/comments?post=3006"}],"version-history":[{"count":1,"href":"https:\/\/agridulcenoticias.com\/index.php\/wp-json\/wp\/v2\/posts\/3006\/revisions"}],"predecessor-version":[{"id":3008,"href":"https:\/\/agridulcenoticias.com\/index.php\/wp-json\/wp\/v2\/posts\/3006\/revisions\/3008"}],"wp:featuredmedia":[{"embeddable":true,"href":"https:\/\/agridulcenoticias.com\/index.php\/wp-json\/wp\/v2\/media\/3007"}],"wp:attachment":[{"href":"https:\/\/agridulcenoticias.com\/index.php\/wp-json\/wp\/v2\/media?parent=3006"}],"wp:term":[{"taxonomy":"category","embeddable":true,"href":"https:\/\/agridulcenoticias.com\/index.php\/wp-json\/wp\/v2\/categories?post=3006"},{"taxonomy":"post_tag","embeddable":true,"href":"https:\/\/agridulcenoticias.com\/index.php\/wp-json\/wp\/v2\/tags?post=3006"}],"curies":[{"name":"wp","href":"https:\/\/api.w.org\/{rel}","templated":true}]}}