{"id":3045,"date":"2025-11-27T23:20:00","date_gmt":"2025-11-28T05:20:00","guid":{"rendered":"https:\/\/agridulcenoticias.com\/?p=3045"},"modified":"2025-11-29T11:23:13","modified_gmt":"2025-11-29T17:23:13","slug":"fortalecen-monica-villarreal-estrategia-del-tejido-social","status":"publish","type":"post","link":"https:\/\/agridulcenoticias.com\/index.php\/2025\/11\/27\/fortalecen-monica-villarreal-estrategia-del-tejido-social\/","title":{"rendered":"Fortalecen M\u00f3nica Villarreal estrategia del tejido social"},"content":{"rendered":"\n<p>TAMPICO. \u2013 Con el prop\u00f3sito de seguir fortaleciendo los espacios p\u00fablicos destinados a la sana convivencia, la Presidenta Municipal M\u00f3nica Villarreal Anaya, encabez\u00f3 la <a><\/a>reinauguraci\u00f3n del Parque Los Pinos Infantil, un \u00e1rea emblem\u00e1tica para las familias que ofrece mejores condiciones de esparcimiento.<\/p>\n\n\n\n<p>Durante el acto, realizado en la colonia Los Pinos, la primera autoridad, acompa\u00f1ada por la directora de Parques y Jardines, Elvira del Campo S\u00e1nchez, destac\u00f3 el compromiso del Gobierno Municipal de recuperar y modernizar los parques de la ciudad como parte de la estrategia del fortalecimiento del tejido social.<\/p>\n\n\n\n<p>\u201cHoy damos ejemplo de la transformaci\u00f3n de un parque m\u00e1s, un esfuerzo construido de acuerdo con las vocaciones de los vecinos que viven cerca de estos espacios y que merecen espacios dignos y adecuados\u201d, se\u00f1al\u00f3.<\/p>\n\n\n\n<p>Asimismo, Villarreal Anaya reconoci\u00f3 el apoyo significativo de la ciudadan\u00eda y de un grupo de empresarios en la mejora de los parques, dando muestra del trabajo coordinado entre gobierno municipal, sociedad civil e iniciativa privada.<\/p>\n\n\n\n<p>La autoridad municipal, refiri\u00f3 que durante la administraci\u00f3n se tiene proyectado atender 100 parques, llevando a la fecha un promedio de 30 que han sido rehabilitados, y tres m\u00e1s que se pretende inaugurar antes de concluir el a\u00f1o.<\/p>\n\n\n\n<p>La rehabilitaci\u00f3n del Parque Infantil incluy\u00f3 mejoras en la infraestructura b\u00e1sica, entre ellas; restauraci\u00f3n de bancas, juegos infantiles, plantaci\u00f3n de nuevos \u00e1rboles, instalaci\u00f3n y reparaci\u00f3n de ejercitadores, restauraci\u00f3n en los cordones del \u00e1rea, aplicaci\u00f3n de pintura as\u00ed como mantenimiento en el alumbrado, con el objetivo de ofrecer un lugar m\u00e1s funcional y atractivo para la poblaci\u00f3n.<\/p>\n\n\n\n<p>\u201cSabemos que con esta rehabilitaci\u00f3n m\u00e1s familias van a disfrutar de este espacio. Abonemos a esa tranquilidad en la que vivimos, somos un municipio que estamos dentro de una zona metropolitana como la quinta zona m\u00e1s segura de nuestro pa\u00eds y lo que tenemos que hacer para mantenernos en este sitio es precisamente recuperar espacios p\u00fablicos, fomentar la cultura, el deporte, para poder lograr esa cohesi\u00f3n social y seguir mejorando en esa percepci\u00f3n de seguridad que hoy tienen los tampique\u00f1os de nuestra ciudad\u201d, apunt\u00f3 Villarreal Anaya.<\/p>\n\n\n\n<p>Por su parte, la directora de Parques y Jardines, agradeci\u00f3 el apoyo de la Presidenta Municipal por su liderazgo y visi\u00f3n de intervenir los espacios p\u00fablicos que generan un impacto en los vecinos del sector, a quienes exhort\u00f3 a cuidarlo y disfrutarlo.<\/p>\n\n\n\n<p>En representaci\u00f3n de los vecinos, el Ing. Daniel Cervantes Martinez, expres\u00f3 su agradecimiento por la rehabilitaci\u00f3n del parque, destacando la importancia de contar con un espacio digno para el esparcimiento familiar.<\/p>\n\n\n\n<p>Finalmente, la alcaldesa reiter\u00f3 el compromiso de seguir avanzando en la recuperaci\u00f3n de m\u00e1s \u00e1reas p\u00fablicas para construir una ciudad sensible, humanista y arm\u00f3nica.<\/p>\n\n\n\n<p>En este evento tambi\u00e9n estuvieron presentes el Se\u00f1or Antonio Verdeal Millan, esposo de la Presidenta Municipal, s\u00edndicos, regidores, directores y ciudadan\u00eda en general.<\/p>\n","protected":false},"excerpt":{"rendered":"<p>TAMPICO. \u2013 Con el prop\u00f3sito de seguir fortaleciendo los espacios p\u00fablicos destinados a la sana&#8230;<\/p>\n","protected":false},"author":1,"featured_media":3046,"comment_status":"open","ping_status":"closed","sticky":false,"template":"","format":"standard","meta":{"footnotes":""},"categories":[5,2],"tags":[],"class_list":["post-3045","post","type-post","status-publish","format-standard","has-post-thumbnail","hentry","category-tamaulipas","category-tampico"],"_links":{"self":[{"href":"https:\/\/agridulcenoticias.com\/index.php\/wp-json\/wp\/v2\/posts\/3045","targetHints":{"allow":["GET"]}}],"collection":[{"href":"https:\/\/agridulcenoticias.com\/index.php\/wp-json\/wp\/v2\/posts"}],"about":[{"href":"https:\/\/agridulcenoticias.com\/index.php\/wp-json\/wp\/v2\/types\/post"}],"author":[{"embeddable":true,"href":"https:\/\/agridulcenoticias.com\/index.php\/wp-json\/wp\/v2\/users\/1"}],"replies":[{"embeddable":true,"href":"https:\/\/agridulcenoticias.com\/index.php\/wp-json\/wp\/v2\/comments?post=3045"}],"version-history":[{"count":1,"href":"https:\/\/agridulcenoticias.com\/index.php\/wp-json\/wp\/v2\/posts\/3045\/revisions"}],"predecessor-version":[{"id":3047,"href":"https:\/\/agridulcenoticias.com\/index.php\/wp-json\/wp\/v2\/posts\/3045\/revisions\/3047"}],"wp:featuredmedia":[{"embeddable":true,"href":"https:\/\/agridulcenoticias.com\/index.php\/wp-json\/wp\/v2\/media\/3046"}],"wp:attachment":[{"href":"https:\/\/agridulcenoticias.com\/index.php\/wp-json\/wp\/v2\/media?parent=3045"}],"wp:term":[{"taxonomy":"category","embeddable":true,"href":"https:\/\/agridulcenoticias.com\/index.php\/wp-json\/wp\/v2\/categories?post=3045"},{"taxonomy":"post_tag","embeddable":true,"href":"https:\/\/agridulcenoticias.com\/index.php\/wp-json\/wp\/v2\/tags?post=3045"}],"curies":[{"name":"wp","href":"https:\/\/api.w.org\/{rel}","templated":true}]}}