{"id":3048,"date":"2025-11-27T23:23:00","date_gmt":"2025-11-28T05:23:00","guid":{"rendered":"https:\/\/agridulcenoticias.com\/?p=3048"},"modified":"2025-11-29T11:24:28","modified_gmt":"2025-11-29T17:24:28","slug":"si-bloqueos-se-prolongan-estallara-crisis-comercial","status":"publish","type":"post","link":"https:\/\/agridulcenoticias.com\/index.php\/2025\/11\/27\/si-bloqueos-se-prolongan-estallara-crisis-comercial\/","title":{"rendered":"Si bloqueos se prolongan estallar\u00e1 crisis comercial"},"content":{"rendered":"\n<p><a><\/a>CD. MADERO, TAMAULIPAS. \u2013 Los recientes bloqueos carreteros registrados en distintas partes del pa\u00eds, encabezados por transportistas y agricultores, comienzan a generar afectaciones leves al comercio local, aunque existe el riesgo de una crisis mayor si la situaci\u00f3n se prolonga.<\/p>\n\n\n\n<p>Ram\u00f3n G\u00f3mez Narv\u00e1ez, presidente del Consejo Empresarial, Comercial y Tur\u00edstico (CECOTUR), dijo que, aunque por ahora los impactos han sido m\u00ednimos, la preocupaci\u00f3n radica en que contin\u00fae la interrupci\u00f3n del flujo de mercanc\u00edas, especialmente de productos de primera necesidad como alimentos frescos, abarrotes y c\u00e1rnicos.<\/p>\n\n\n\n<p>\u201cSi contin\u00faan y se alargan m\u00e1s estos bloqueos y ya no llegan mercanc\u00edas, se pudiera dar un incremento en el precio por la falta de abasto, no por falta de producci\u00f3n\u201d.<\/p>\n\n\n\n<p>A\u00f1adi\u00f3 que hasta el momento se ha permitido el paso de alimentos secos, lo que ha evitado un desabasto mayor, aunque ya se perciben ligeros incrementos en algunos productos.<\/p>\n\n\n\n<p>Record\u00f3 que los precios est\u00e1n regidos por la oferta y la demanda, pero confi\u00f3 en que las mesas de di\u00e1logo que mantiene la Secretar\u00eda de Gobernaci\u00f3n permitan resolver pronto el conflicto y evitar un problema mayor en el abasto regional.<\/p>\n","protected":false},"excerpt":{"rendered":"<p>CD. MADERO, TAMAULIPAS. \u2013 Los recientes bloqueos carreteros registrados en distintas partes del pa\u00eds, encabezados&#8230;<\/p>\n","protected":false},"author":1,"featured_media":3049,"comment_status":"open","ping_status":"closed","sticky":false,"template":"","format":"standard","meta":{"footnotes":""},"categories":[3,5],"tags":[],"class_list":["post-3048","post","type-post","status-publish","format-standard","has-post-thumbnail","hentry","category-madero","category-tamaulipas"],"_links":{"self":[{"href":"https:\/\/agridulcenoticias.com\/index.php\/wp-json\/wp\/v2\/posts\/3048","targetHints":{"allow":["GET"]}}],"collection":[{"href":"https:\/\/agridulcenoticias.com\/index.php\/wp-json\/wp\/v2\/posts"}],"about":[{"href":"https:\/\/agridulcenoticias.com\/index.php\/wp-json\/wp\/v2\/types\/post"}],"author":[{"embeddable":true,"href":"https:\/\/agridulcenoticias.com\/index.php\/wp-json\/wp\/v2\/users\/1"}],"replies":[{"embeddable":true,"href":"https:\/\/agridulcenoticias.com\/index.php\/wp-json\/wp\/v2\/comments?post=3048"}],"version-history":[{"count":1,"href":"https:\/\/agridulcenoticias.com\/index.php\/wp-json\/wp\/v2\/posts\/3048\/revisions"}],"predecessor-version":[{"id":3050,"href":"https:\/\/agridulcenoticias.com\/index.php\/wp-json\/wp\/v2\/posts\/3048\/revisions\/3050"}],"wp:featuredmedia":[{"embeddable":true,"href":"https:\/\/agridulcenoticias.com\/index.php\/wp-json\/wp\/v2\/media\/3049"}],"wp:attachment":[{"href":"https:\/\/agridulcenoticias.com\/index.php\/wp-json\/wp\/v2\/media?parent=3048"}],"wp:term":[{"taxonomy":"category","embeddable":true,"href":"https:\/\/agridulcenoticias.com\/index.php\/wp-json\/wp\/v2\/categories?post=3048"},{"taxonomy":"post_tag","embeddable":true,"href":"https:\/\/agridulcenoticias.com\/index.php\/wp-json\/wp\/v2\/tags?post=3048"}],"curies":[{"name":"wp","href":"https:\/\/api.w.org\/{rel}","templated":true}]}}