{"id":3063,"date":"2025-11-27T23:33:00","date_gmt":"2025-11-28T05:33:00","guid":{"rendered":"https:\/\/agridulcenoticias.com\/?p=3063"},"modified":"2025-11-29T11:34:04","modified_gmt":"2025-11-29T17:34:04","slug":"nueve-jornaleros-fallecen-en-un-accidente-vial-en-el-estado-de-guanajuato","status":"publish","type":"post","link":"https:\/\/agridulcenoticias.com\/index.php\/2025\/11\/27\/nueve-jornaleros-fallecen-en-un-accidente-vial-en-el-estado-de-guanajuato\/","title":{"rendered":"Nueve jornaleros fallecen en un accidente vial en el estado de Guanajuato"},"content":{"rendered":"\n<p><a><\/a>Nueve jornaleros murieron y dos m\u00e1s resultaron heridos en un accidente en la carretera Le\u00f3n-Salamanca, inform\u00f3 la Fiscal\u00eda de Guanajuato<\/p>\n\n\n\n<p>Nueve personas, de oficio jornaleros, fallecieron y dos m\u00e1s resultaron heridas producto de un fuerte accidente registrado este jueves en la carretera federal Le\u00f3n-Salamanca, en el estado mexicano de Guanajuato.<\/p>\n\n\n\n<p>En un comunicado, la Fiscal\u00eda General del Estado (FGE) inform\u00f3 que, tras el lamentable accidente ocurrido esta ma\u00f1ana en la citada autopista, \u201cnueve jornaleros perdieron la vida y dos m\u00e1s resultaron lesionados\u201d.<\/p>\n\n\n\n<p>Los heridos, precis\u00f3 la FGE, fueron trasladados a hospitales para recibir atenci\u00f3n m\u00e9dica y adem\u00e1s se activaron los protocolos correspondientes para esclarecer el hecho.<\/p>\n\n\n\n<p>Seg\u00fan versiones, un tractocami\u00f3n impact\u00f3 contra una camioneta particular, en la que viajaban las v\u00edctimas.<\/p>\n\n\n\n<p>La FGE explic\u00f3 en la nota que -en el lugar- equipos especializados trabajan en las investigaciones y peritajes necesarios, as\u00ed como en identificaci\u00f3n legal y la preparaci\u00f3n para la entrega de los cuerpos a sus familias.<\/p>\n\n\n\n<p>La entrega de las v\u00edctimas, dijo la Fiscal\u00eda, se efectuar\u00e1 conforme al protocolo institucional, en el tiempo y lugar que cada familia indique, y apunt\u00f3 que paralelamente ofrece acompa\u00f1amiento y apoyo integral a los familiares.<\/p>\n\n\n\n<p>La instituci\u00f3n dijo que trabaja con rigor t\u00e9cnico y absoluta imparcialidad para determinar la mec\u00e1nica del accidente y establecer responsabilidades, al tiempo que ofreci\u00f3 condolencias a las familias afectadas.<\/p>\n","protected":false},"excerpt":{"rendered":"<p>Nueve jornaleros murieron y dos m\u00e1s resultaron heridos en un accidente en la carretera Le\u00f3n-Salamanca,&#8230;<\/p>\n","protected":false},"author":1,"featured_media":3064,"comment_status":"open","ping_status":"closed","sticky":false,"template":"","format":"standard","meta":{"footnotes":""},"categories":[14],"tags":[],"class_list":["post-3063","post","type-post","status-publish","format-standard","has-post-thumbnail","hentry","category-nacional"],"_links":{"self":[{"href":"https:\/\/agridulcenoticias.com\/index.php\/wp-json\/wp\/v2\/posts\/3063","targetHints":{"allow":["GET"]}}],"collection":[{"href":"https:\/\/agridulcenoticias.com\/index.php\/wp-json\/wp\/v2\/posts"}],"about":[{"href":"https:\/\/agridulcenoticias.com\/index.php\/wp-json\/wp\/v2\/types\/post"}],"author":[{"embeddable":true,"href":"https:\/\/agridulcenoticias.com\/index.php\/wp-json\/wp\/v2\/users\/1"}],"replies":[{"embeddable":true,"href":"https:\/\/agridulcenoticias.com\/index.php\/wp-json\/wp\/v2\/comments?post=3063"}],"version-history":[{"count":1,"href":"https:\/\/agridulcenoticias.com\/index.php\/wp-json\/wp\/v2\/posts\/3063\/revisions"}],"predecessor-version":[{"id":3065,"href":"https:\/\/agridulcenoticias.com\/index.php\/wp-json\/wp\/v2\/posts\/3063\/revisions\/3065"}],"wp:featuredmedia":[{"embeddable":true,"href":"https:\/\/agridulcenoticias.com\/index.php\/wp-json\/wp\/v2\/media\/3064"}],"wp:attachment":[{"href":"https:\/\/agridulcenoticias.com\/index.php\/wp-json\/wp\/v2\/media?parent=3063"}],"wp:term":[{"taxonomy":"category","embeddable":true,"href":"https:\/\/agridulcenoticias.com\/index.php\/wp-json\/wp\/v2\/categories?post=3063"},{"taxonomy":"post_tag","embeddable":true,"href":"https:\/\/agridulcenoticias.com\/index.php\/wp-json\/wp\/v2\/tags?post=3063"}],"curies":[{"name":"wp","href":"https:\/\/api.w.org\/{rel}","templated":true}]}}