{"id":3066,"date":"2025-11-27T23:34:00","date_gmt":"2025-11-28T05:34:00","guid":{"rendered":"https:\/\/agridulcenoticias.com\/?p=3066"},"modified":"2025-11-29T11:35:41","modified_gmt":"2025-11-29T17:35:41","slug":"maduro-ordena-a-la-aviacion-estar-alertas-y-dispuestos-para-defender-a-venezuela","status":"publish","type":"post","link":"https:\/\/agridulcenoticias.com\/index.php\/2025\/11\/27\/maduro-ordena-a-la-aviacion-estar-alertas-y-dispuestos-para-defender-a-venezuela\/","title":{"rendered":"Maduro ordena a la Aviaci\u00f3n estar \u201calertas y dispuestos\u201d para defender a Venezuela"},"content":{"rendered":"\n<p><a><\/a>Los dichos de Nicol\u00e1s Maduro ocurren en momentos en que EE.UU. mantiene un despliegue naval y a\u00e9reo cerca del pa\u00eds<\/p>\n\n\n\n<p>El presidente de Venezuela, Nicol\u00e1s Maduro, dijo estar confiado en la victoria en caso de que su pa\u00eds se declare como \u201crep\u00fablica en armas\u201d, en un contexto marcado por la tensi\u00f3n con EE.UU. a ra\u00edz de su despliegue militar, visto por el gobernante como una \u201camenaza\u201d para sacarlo del poder, y orden\u00f3 a los miembros de la fuerza a\u00e9rea estar \u201calertas y listos\u201d.<\/p>\n\n\n\n<p>Les pido estar siempre imperturbables en su serenidad, alertas, listos y dispuestos a defender nuestros derechos como naci\u00f3n, como patria libre y soberana, y s\u00e9 que jam\u00e1s le fallar\u00e1n a Venezuela, s\u00e9 que Venezuela cuenta con ustedes\u201d, dijo Maduro, ataviado con un traje verde olivo y una gorra roja.<\/p>\n\n\n\n<p>En ese sentido, asegur\u00f3 que, si la historia exigiera que el pa\u00eds suramericano se declare \u201cuna rep\u00fablica en armas\u201d, tendr\u00eda \u201cun solo destino: la victoria\u201d.<\/p>\n\n\n\n<p>En un acto por el 105 aniversario de la Aviaci\u00f3n Militar Bolivariana, transmitido por el canal estatal Venezolana de Televisi\u00f3n (VTV), Maduro se\u00f1al\u00f3 que, desde hace 17 semanas, fuerzas extranjeras que tach\u00f3 de \u201cimperialistas amenazan continuamente con alterar la paz\u201d en el Caribe, en Venezuela y en el resto de Suram\u00e9rica \u201cbajo falsos y extravagantes argumentos\u201d.<\/p>\n\n\n\n<p>Sin embargo, el jefe de Estado, que intervino de forma remota, asegur\u00f3 que \u201cjam\u00e1s nada ha quebrado la voluntad\u201d de Venezuela, ni \u201cel bloqueo, ni las sanciones ni esta guerra psicol\u00f3gica\u201d.<\/p>\n\n\n\n<p>\u201cNo hay amenaza ni agresi\u00f3n que atemoriza a nuestro pueblo ni que nos tome por sorpresa, nuestro pueblo se ha preparado con serenidad imperturbable para defender su patria\u201d, expres\u00f3 el l\u00edder chavista, quien record\u00f3 las jornadas de alistamiento de civiles para recibir preparaci\u00f3n militar y los ejercicios castrenses efectuados en el territorio.<\/p>\n\n\n\n<p>En ese sentido, el mandatario asever\u00f3 que su pa\u00eds ha demostrado en los \u00faltimos meses \u201cuna capacidad inmensa de coordinaci\u00f3n, comando, control, comunicaci\u00f3n y, sobre todo, de uni\u00f3n popular-militar-policial\u201d para defender \u201cla paz y la estabilidad\u201d, por lo que tambi\u00e9n expres\u00f3 su confianza en la \u201cfuerza fabulosa de resistencia\u201d que, dijo, se despert\u00f3 en el pueblo pese a las que se\u00f1al\u00f3 como \u201cpresiones inmorales\u201d de EE.UU.<\/p>\n\n\n\n<p>Bajo el argumento de combatir el narcotr\u00e1fico y perseguir a los que califica de narcoterroristas, el pa\u00eds norteamericano mantiene un despliegue militar en el Caribe recientemente reforzado con la llegada de su mayor portaaviones, el USS Gerald R. Ford.<\/p>\n\n\n\n<p>El lunes, el Departamento de Estado de EE.UU. design\u00f3 al denominado Cartel de los Soles como grupo terrorista extranjero, que la Administraci\u00f3n de Donald Trump asegura que lidera Maduro junto con altos mandos del Ej\u00e9rcito y el Gobierno venezolano, aunque Caracas ha advertido que se trata de un \u201cinvento\u201d.<\/p>\n\n\n\n<p>A este escenario de tensiones se ha sumado desde el pasado s\u00e1bado una crisis de conectividad a\u00e9rea en Venezuela por la cancelaci\u00f3n de vuelos internacionales, luego de que EE.UU. instara a \u201cextremar la precauci\u00f3n\u201d al sobrevolar el territorio de este pa\u00eds y el sur del Caribe ante lo que considera \u201cuna situaci\u00f3n potencialmente peligrosa\u201d en la zona.<\/p>\n\n\n\n<p>Caracas revoc\u00f3 este mi\u00e9rcoles las concesiones a las compa\u00f1\u00edas Iberia, TAP, Turkish Airlines, Avianca, Latam Colombia y Gol.<\/p>\n","protected":false},"excerpt":{"rendered":"<p>Los dichos de Nicol\u00e1s Maduro ocurren en momentos en que EE.UU. mantiene un despliegue naval&#8230;<\/p>\n","protected":false},"author":1,"featured_media":3067,"comment_status":"open","ping_status":"closed","sticky":false,"template":"","format":"standard","meta":{"footnotes":""},"categories":[15],"tags":[],"class_list":["post-3066","post","type-post","status-publish","format-standard","has-post-thumbnail","hentry","category-internacional"],"_links":{"self":[{"href":"https:\/\/agridulcenoticias.com\/index.php\/wp-json\/wp\/v2\/posts\/3066","targetHints":{"allow":["GET"]}}],"collection":[{"href":"https:\/\/agridulcenoticias.com\/index.php\/wp-json\/wp\/v2\/posts"}],"about":[{"href":"https:\/\/agridulcenoticias.com\/index.php\/wp-json\/wp\/v2\/types\/post"}],"author":[{"embeddable":true,"href":"https:\/\/agridulcenoticias.com\/index.php\/wp-json\/wp\/v2\/users\/1"}],"replies":[{"embeddable":true,"href":"https:\/\/agridulcenoticias.com\/index.php\/wp-json\/wp\/v2\/comments?post=3066"}],"version-history":[{"count":1,"href":"https:\/\/agridulcenoticias.com\/index.php\/wp-json\/wp\/v2\/posts\/3066\/revisions"}],"predecessor-version":[{"id":3068,"href":"https:\/\/agridulcenoticias.com\/index.php\/wp-json\/wp\/v2\/posts\/3066\/revisions\/3068"}],"wp:featuredmedia":[{"embeddable":true,"href":"https:\/\/agridulcenoticias.com\/index.php\/wp-json\/wp\/v2\/media\/3067"}],"wp:attachment":[{"href":"https:\/\/agridulcenoticias.com\/index.php\/wp-json\/wp\/v2\/media?parent=3066"}],"wp:term":[{"taxonomy":"category","embeddable":true,"href":"https:\/\/agridulcenoticias.com\/index.php\/wp-json\/wp\/v2\/categories?post=3066"},{"taxonomy":"post_tag","embeddable":true,"href":"https:\/\/agridulcenoticias.com\/index.php\/wp-json\/wp\/v2\/tags?post=3066"}],"curies":[{"name":"wp","href":"https:\/\/api.w.org\/{rel}","templated":true}]}}