{"id":3281,"date":"2025-12-06T11:02:15","date_gmt":"2025-12-06T17:02:15","guid":{"rendered":"https:\/\/agridulcenoticias.com\/?p=3281"},"modified":"2025-12-06T11:02:18","modified_gmt":"2025-12-06T17:02:18","slug":"enciende-monica-pino-navideno-y-da-inicio-la-celebracion-decembrina","status":"publish","type":"post","link":"https:\/\/agridulcenoticias.com\/index.php\/2025\/12\/06\/enciende-monica-pino-navideno-y-da-inicio-la-celebracion-decembrina\/","title":{"rendered":"Enciende M\u00f3nica Pino Navide\u00f1o y da inicio la celebraci\u00f3n decembrina"},"content":{"rendered":"\n<p>TAMPICO, TAMAULIPAS. \u2013 Miles de familias tampique\u00f1as vivieron una tarde y noche llena de alegr\u00eda, magia y tradici\u00f3n este viernes en el recinto ferial, donde la presidenta municipal, M\u00f3nica Villarreal Anaya, encabez\u00f3 el encendido del monumental pino navide\u00f1o y el inicio de la Feria Navide\u00f1a, que forma parte del festival de temporada \u201cUna Navidad con Todos\u201d.<\/p>\n\n\n\n<p>Durante su mensaje, la alcaldesa, acompa\u00f1ada de la Presidenta del Sistema DIF Tampico, Luz Adriana Villarreal Anaya, y su distinguida familia, as\u00ed como del Cabildo y funcionarios municipales, destac\u00f3 que la Navidad es un momento de reflexi\u00f3n, uni\u00f3n familiar y renovaci\u00f3n de la esperanza.<\/p>\n\n\n\n<p>\u201cEstamos muy contentos de poder ofrecerles en esta Navidad de un espacio p\u00fablico tan hermoso que se ha construido del esfuerzo de muchas y muchos Tampique\u00f1os y que hoy podemos disfrutar en paz y con seguridad de un lugar tan bonito. Todos que trabajamos en la administraci\u00f3n municipal pusimos un granito de arena para que este lugar estuviera as\u00ed de hermoso y podamos contar con un sitio donde se siembre armon\u00eda y alegr\u00eda entre todos, sabiendo que hay un gobierno que los acompa\u00f1a\u201d.<\/p>\n\n\n\n<p>Subray\u00f3 que esta \u00e9poca es una oportunidad para recordar a quienes se adelantaron en el camino y sembraron en los corazones ese amor por esta temporada decembrina, adem\u00e1s de permitir el resurgimiento de cada individuo y fortalecer los valores que unen a la sociedad: la paz, la armon\u00eda, la solidaridad y la empat\u00eda.<\/p>\n\n\n\n<p>\u201cEs una temporada en la que el esp\u00edritu de la generosidad nos llama a compartir con todos y en la que las familias podemos disfrutar en armon\u00eda de una de las tradiciones m\u00e1s bonitas. Procuremos que todas y todos vivamos estos d\u00edas con seguridad y alegr\u00eda\u201d.<\/p>\n\n\n\n<p>Asimismo, se\u00f1al\u00f3 que la administraci\u00f3n municipal trabaja para garantizar que todas las familias puedan disfrutar de esta temporada en un ambiente seguro, festivo y lleno de alegr\u00eda. En ese sentido, inform\u00f3 que se unieron esfuerzos con dependencias y organismos como el DIF Municipal, para ofrecer a las y los tampique\u00f1os un programa con actividades durante todo el mes.<\/p>\n\n\n\n<p>\u201cQueremos llevar la esencia del esp\u00edritu navide\u00f1o a todos los rincones de la ciudad y, desde hoy, con este encendido del monumental pino y el comienzo de la Feria Navide\u00f1a, durante los siguientes d\u00edas haremos lo mismo en el Espacio Cultural Metropolitano y en la zona norte de Tampico, eventos en la Casa de la Naturaleza y en las plazas de Armas y de la Libertad\u201d, expres\u00f3 Villarreal Anaya.<\/p>\n\n\n\n<p>El evento cont\u00f3 con diversas actividades culturales y recreativas para toda la familia, iniciando con un espectacular desfile presidido por la Banda Municipal de m\u00fasica, la Marching Band \u201cHalcones\u201d de la Facultad de M\u00fasica y Artes de la UAT; \u00c1guilas Marching Band, Academia Ballet Magic, y las talentosas Gimnastas de la Ciudad Deportiva.<\/p>\n\n\n\n<p>Posteriormente en el escenario instalado, las talentosas gimnastas de la Ciudad Deportiva ofrecieron una exhibici\u00f3n de gimnasia r\u00edtmica y una m\u00e1s de jazz y hip hop; en tanto que el saxofonista Josue Tejeda, interpret\u00f3 las melod\u00edas alusivas a la Navidad; y el Coro de la Escuela Primaria Juan Escutia, ofreci\u00f3 un popurr\u00ed Navide\u00f1o.<\/p>\n\n\n\n<p>Acto seguido, la Presidenta Municipal procedi\u00f3 al encendido del pino, dando inicio a la Feria Navide\u00f1a, misma que permanecer\u00e1 abierta todo el mes de diciembre y podr\u00e1n disfrutar de acceso gratuitos. Las familias podr\u00e1n disfrutar de juegos mec\u00e1nicos para su diversi\u00f3n, as\u00ed como exposiciones comerciales y m\u00fasica.<\/p>\n\n\n\n<p>\u201cLes deseamos una Navidad llena de espacios de convivencia; una Navidad en donde se sientan tranquilos y confiados de que hay un Gobierno que los cuida y un Gobierno del Estado que est\u00e1 pendiente de ustedes, que hay un Gobernador que todos los d\u00edas vela por nuestros intereses y anhelos, el Doctor Am\u00e9rico Villarreal Anaya, y que tambi\u00e9n tenemos una Presidenta que todos los d\u00edas nos demuestra su amor por M\u00e9xico y el apoyo incondicional a trav\u00e9s de muchos programas. Estamos para servirles y generar condiciones en este bello espacio que nos toc\u00f3 vivir, que es Tampico, la casa de todos\u201d finaliz\u00f3 Villarreal Anaya.<\/p>\n","protected":false},"excerpt":{"rendered":"<p>TAMPICO, TAMAULIPAS. \u2013 Miles de familias tampique\u00f1as vivieron una tarde y noche llena de alegr\u00eda,&#8230;<\/p>\n","protected":false},"author":1,"featured_media":3282,"comment_status":"open","ping_status":"closed","sticky":false,"template":"","format":"standard","meta":{"footnotes":""},"categories":[5,2],"tags":[],"class_list":["post-3281","post","type-post","status-publish","format-standard","has-post-thumbnail","hentry","category-tamaulipas","category-tampico"],"_links":{"self":[{"href":"https:\/\/agridulcenoticias.com\/index.php\/wp-json\/wp\/v2\/posts\/3281","targetHints":{"allow":["GET"]}}],"collection":[{"href":"https:\/\/agridulcenoticias.com\/index.php\/wp-json\/wp\/v2\/posts"}],"about":[{"href":"https:\/\/agridulcenoticias.com\/index.php\/wp-json\/wp\/v2\/types\/post"}],"author":[{"embeddable":true,"href":"https:\/\/agridulcenoticias.com\/index.php\/wp-json\/wp\/v2\/users\/1"}],"replies":[{"embeddable":true,"href":"https:\/\/agridulcenoticias.com\/index.php\/wp-json\/wp\/v2\/comments?post=3281"}],"version-history":[{"count":1,"href":"https:\/\/agridulcenoticias.com\/index.php\/wp-json\/wp\/v2\/posts\/3281\/revisions"}],"predecessor-version":[{"id":3283,"href":"https:\/\/agridulcenoticias.com\/index.php\/wp-json\/wp\/v2\/posts\/3281\/revisions\/3283"}],"wp:featuredmedia":[{"embeddable":true,"href":"https:\/\/agridulcenoticias.com\/index.php\/wp-json\/wp\/v2\/media\/3282"}],"wp:attachment":[{"href":"https:\/\/agridulcenoticias.com\/index.php\/wp-json\/wp\/v2\/media?parent=3281"}],"wp:term":[{"taxonomy":"category","embeddable":true,"href":"https:\/\/agridulcenoticias.com\/index.php\/wp-json\/wp\/v2\/categories?post=3281"},{"taxonomy":"post_tag","embeddable":true,"href":"https:\/\/agridulcenoticias.com\/index.php\/wp-json\/wp\/v2\/tags?post=3281"}],"curies":[{"name":"wp","href":"https:\/\/api.w.org\/{rel}","templated":true}]}}