{"id":3314,"date":"2025-12-07T23:28:00","date_gmt":"2025-12-08T05:28:00","guid":{"rendered":"https:\/\/agridulcenoticias.com\/?p=3314"},"modified":"2025-12-08T11:31:01","modified_gmt":"2025-12-08T17:31:01","slug":"la-fuerza-de-la-4t-esta-en-el-pueblo-claudia","status":"publish","type":"post","link":"https:\/\/agridulcenoticias.com\/index.php\/2025\/12\/07\/la-fuerza-de-la-4t-esta-en-el-pueblo-claudia\/","title":{"rendered":"La fuerza de la 4T est\u00e1 en el Pueblo: Claudia"},"content":{"rendered":"\n<p><a><\/a>La primera mandataria mexicana encabez\u00f3 la celebraci\u00f3n de los 7 a\u00f1os de la Cuarta Transformaci\u00f3n.<\/p>\n\n\n\n<p>Ante m\u00e1s de 600 mil mexicanas y mexicanos reunidos en el Z\u00f3calo de la Ciudad de M\u00e9xico, la presidenta Claudia Sheinbaum Pardo, celebr\u00f3 los siete a\u00f1os de la llegada de la Cuarta Transformaci\u00f3n y puntualiz\u00f3 que por m\u00e1s campa\u00f1as sucias y alianzas de grupos del conservadurismo nacional e internacional que buscan intervenciones extranjeras, no podr\u00e1n vencer al pueblo ni a la Jefa del Ejecutivo Federal, ya que el movimiento representa una ruptura con el viejo r\u00e9gimen y una transformaci\u00f3n verdadera, econ\u00f3mica, social y moral que se gu\u00eda por el Humanismo Mexicano.<\/p>\n\n\n\n<p>\u201cHoy, m\u00e1s que nunca, M\u00e9xico avanza con dignidad, con justicia, con unidad, y con la fuerza invencible de su pueblo. Tenemos la responsabilidad de consolidar este modelo Humanista como un camino viable de desarrollo econ\u00f3mico, un modelo viable en el orden pol\u00edtico, \u00e9tico y de convivencia entre todos los sectores sociales. Les agradezco en lo m\u00e1s profundo del coraz\u00f3n su apoyo.<\/p>\n\n\n\n<p>\u201cNo estamos solos. Sepan que nunca voy a traicionar y que cada segundo de vida est\u00e1 dedicado a la construcci\u00f3n de un M\u00e9xico justo, libre, independiente y soberano. Somos mexicanos y mexicanas que seguimos convocando a consolidar el renacimiento de M\u00e9xico y a no perder, sino que al contrario avivar a\u00fan m\u00e1s, la llama de la esperanza. \u00c1nimo, M\u00e9xico es ejemplo ante el mundo y seguimos haciendo historia. \u00a1Viva la Transformaci\u00f3n de M\u00e9xico! \u00a1Viva M\u00e9xico!\u201d, destac\u00f3.<\/p>\n\n\n\n<p>Puntualiz\u00f3 que el modelo econ\u00f3mico de la Cuarta Transformaci\u00f3n funciona y da resultados: 13.5 millones de mexicanos salieron de la pobreza de 2018 a 2024 y M\u00e9xico es el segundo pa\u00eds menos desigual del continente gracias a los Programas para el Bienestar; el salario m\u00ednimo pas\u00f3 de 88 pesos diarios en 2018 a 315 pesos diarios a partir del 1 de enero de 2026, un incremento del 154 por ciento; la inflaci\u00f3n est\u00e1 controlada y al cierre de octubre de 2025 fue de 3.57 por ciento; la Inversi\u00f3n Extranjera Directa (IED) lleg\u00f3 a r\u00e9cord hist\u00f3rico en el tercer trimestre de 2025 con m\u00e1s de 40 mil millones de d\u00f3lares (mdd); la moneda mexicana cerr\u00f3 el viernes 5 de diciembre en 18.18 pesos por d\u00f3lar; este 2025 se han creado 551 mil empleos formales; el \u00edndice de desempleo es de 2.6 por ciento, de los m\u00e1s bajos de todo el planeta y las reservas del Banco de M\u00e9xico llegaron al r\u00e9cord de 250 mil mdd.<\/p>\n\n\n\n<p>Se\u00f1al\u00f3 que, en M\u00e9xico, los Programas para el Bienestar son constitucionales y se otorgan a 32 de 35 millones de familias; se mejoratodos los d\u00edas en la atenci\u00f3n a la salud, se garantiza la distribuci\u00f3n de medicamentos y en 2026 inicia la credencializaci\u00f3n al Sistema de Salud Universal.<\/p>\n\n\n\n<p>EL DATO<\/p>\n\n\n\n<p>En la Cuarta Transformaci\u00f3n los homicidios dolosos se han reducido en 34%, de 2018 a la fecha, contrario al periodo de Felipe Calder\u00f3n y Pe\u00f1a Nieto en los que este delito aument\u00f3 250%.<\/p>\n\n\n\n<p>En vivienda ya arranc\u00f3 la construcci\u00f3n de 300 mil viviendas de la meta de 1.2 millones y 5 millones de derechohabientes del Infonavit y Fovissste est\u00e1n recibiendo disminuci\u00f3n de deudas impagables.<\/p>\n\n\n\n<p>Se recuperan los trenes de pasajeros con el objetivo de conectar el norte y el sur del pa\u00eds: se construyen el M\u00e9xico-Pachuca, M\u00e9xico-Quer\u00e9taro, Quer\u00e9taro-Irapuato, Saltillo-Nuevo Laredo; el Tren Maya ha transportado a 1.3 millones de pasajeros y avanza su modalidad de carga.<\/p>\n\n\n\n<p>Est\u00e1n en obra 17 proyectos estrat\u00e9gicos de agua y se tecnifican 18 Distritos de Riego; se aprob\u00f3 la Ley de Aguas Nacionales para recuperar el agua como un recurso de la naci\u00f3n<\/p>\n\n\n\n<p>Se contin\u00faan modernizando carreteras y construyendo caminos artesanales.<\/p>\n","protected":false},"excerpt":{"rendered":"<p>La primera mandataria mexicana encabez\u00f3 la celebraci\u00f3n de los 7 a\u00f1os de la Cuarta Transformaci\u00f3n&#8230;.<\/p>\n","protected":false},"author":1,"featured_media":3315,"comment_status":"open","ping_status":"closed","sticky":false,"template":"","format":"standard","meta":{"footnotes":""},"categories":[14],"tags":[],"class_list":["post-3314","post","type-post","status-publish","format-standard","has-post-thumbnail","hentry","category-nacional"],"_links":{"self":[{"href":"https:\/\/agridulcenoticias.com\/index.php\/wp-json\/wp\/v2\/posts\/3314","targetHints":{"allow":["GET"]}}],"collection":[{"href":"https:\/\/agridulcenoticias.com\/index.php\/wp-json\/wp\/v2\/posts"}],"about":[{"href":"https:\/\/agridulcenoticias.com\/index.php\/wp-json\/wp\/v2\/types\/post"}],"author":[{"embeddable":true,"href":"https:\/\/agridulcenoticias.com\/index.php\/wp-json\/wp\/v2\/users\/1"}],"replies":[{"embeddable":true,"href":"https:\/\/agridulcenoticias.com\/index.php\/wp-json\/wp\/v2\/comments?post=3314"}],"version-history":[{"count":1,"href":"https:\/\/agridulcenoticias.com\/index.php\/wp-json\/wp\/v2\/posts\/3314\/revisions"}],"predecessor-version":[{"id":3316,"href":"https:\/\/agridulcenoticias.com\/index.php\/wp-json\/wp\/v2\/posts\/3314\/revisions\/3316"}],"wp:featuredmedia":[{"embeddable":true,"href":"https:\/\/agridulcenoticias.com\/index.php\/wp-json\/wp\/v2\/media\/3315"}],"wp:attachment":[{"href":"https:\/\/agridulcenoticias.com\/index.php\/wp-json\/wp\/v2\/media?parent=3314"}],"wp:term":[{"taxonomy":"category","embeddable":true,"href":"https:\/\/agridulcenoticias.com\/index.php\/wp-json\/wp\/v2\/categories?post=3314"},{"taxonomy":"post_tag","embeddable":true,"href":"https:\/\/agridulcenoticias.com\/index.php\/wp-json\/wp\/v2\/tags?post=3314"}],"curies":[{"name":"wp","href":"https:\/\/api.w.org\/{rel}","templated":true}]}}