{"id":3326,"date":"2025-12-08T11:47:16","date_gmt":"2025-12-08T17:47:16","guid":{"rendered":"https:\/\/agridulcenoticias.com\/?p=3326"},"modified":"2025-12-08T11:47:17","modified_gmt":"2025-12-08T17:47:17","slug":"ee-uu-denuncia-naturaleza-vil-del-regimen-de-maduro-tras-muerte-de-exgobernador-preso","status":"publish","type":"post","link":"https:\/\/agridulcenoticias.com\/index.php\/2025\/12\/08\/ee-uu-denuncia-naturaleza-vil-del-regimen-de-maduro-tras-muerte-de-exgobernador-preso\/","title":{"rendered":"EE.UU. denuncia \u201cnaturaleza vil del r\u00e9gimen\u201d de Maduro tras muerte de exgobernador preso"},"content":{"rendered":"\n<p>EE.UU. acus\u00f3 que la muerte del exgobernador venezolano Alfredo D\u00edaz, considerado preso pol\u00edtico, es un recordatorio del r\u00e9gimen vil de Maduro<\/p>\n\n\n\n<p>diciembre 7, 2025<\/p>\n\n\n\n<p>El Gobierno de Estados Unidos denunci\u00f3 la \u201cnaturaleza vil del r\u00e9gimen criminal\u201d de Nicol\u00e1s Maduro en Venezuela tras la muerte del exgobernador Alfredo D\u00edaz, considerado un preso pol\u00edtico por la oposici\u00f3n, y deplor\u00f3 tambi\u00e9n las condiciones de su detenci\u00f3n.<\/p>\n\n\n\n<p>\u201cLa muerte del preso pol\u00edtico venezolano Alfredo D\u00edaz, detenido arbitrariamente en el centro de tortura de Maduro en El Helicoide, es otro recordatorio m\u00e1s de la naturaleza vil del r\u00e9gimen criminal de Maduro\u201d, dijo en X la Oficina de Asuntos del Hemisferio Occidental.<\/p>\n\n\n\n<p>La declaraci\u00f3n de EE.UU. se produce en un momento de m\u00e1xima tensi\u00f3n ante una posible acci\u00f3n de Washington contra Venezuela tras su despliegue militar cerca del pa\u00eds, en el mar Caribe, bajo el argumento de combatir el narcotr\u00e1fico, algo que Caracas ve como una \u201camenaza\u201d que busca propiciar un cambio de Gobierno.<\/p>\n\n\n\n<p>El Ministerio para el Servicio Penitenciario de Venezuela inform\u00f3 que el exgobernador del estado Nueva Esparta muri\u00f3 producto de un infarto, como reportaron previamente varias ONG y partidos pol\u00edticos.<\/p>\n\n\n\n<p>No obstante, los l\u00edderes opositores Mar\u00eda Corina Machado y Edmundo Gonz\u00e1lez Urrutia advirtieron que el fallecimiento de D\u00edaz revela un \u201cpatr\u00f3n sostenido de represi\u00f3n estatal\u201d y denunciaron que ya son siete los presos pol\u00edticos que han muerto en prisi\u00f3n luego de las presidenciales del 28 de julio de 2024.<\/p>\n\n\n\n<p>Machado y Gonz\u00e1lez Urrutia subrayaron que su integridad y vida eran \u201cresponsabilidad exclusiva de quienes lo manten\u00edan arbitrariamente secuestrado\u201d en El Helicoide, como se conoce a la sede en Caracas del Servicio Bolivariano de Inteligencia Nacional (Sebin), y descartaron que su muerte sea \u201ccom\u00fan\u201d.<\/p>\n\n\n\n<p>D\u00edaz, activista del partido opositor Acci\u00f3n Democr\u00e1tica y tambi\u00e9n exconcejal y exalcalde, fue detenido en noviembre de 2024, en un contexto de crisis pol\u00edtica tras las presidenciales de ese a\u00f1o, en las que la mayor coalici\u00f3n opositora denunci\u00f3 como fraudulento el resultado que dio la reelecci\u00f3n a Maduro.<\/p>\n\n\n\n<p>El pol\u00edtico fallecido cuestion\u00f3 la falta de publicaci\u00f3n de los resultados desglosados de las presidenciales y denunci\u00f3, d\u00edas antes de su detenci\u00f3n, la crisis el\u00e9ctrica que vivi\u00f3 en noviembre el estado de Nueva Esparta, que el Gobierno atribuy\u00f3 a ataques de la oposici\u00f3n.<\/p>\n","protected":false},"excerpt":{"rendered":"<p>EE.UU. acus\u00f3 que la muerte del exgobernador venezolano Alfredo D\u00edaz, considerado preso pol\u00edtico, es un&#8230;<\/p>\n","protected":false},"author":1,"featured_media":3327,"comment_status":"open","ping_status":"closed","sticky":false,"template":"","format":"standard","meta":{"footnotes":""},"categories":[15],"tags":[],"class_list":["post-3326","post","type-post","status-publish","format-standard","has-post-thumbnail","hentry","category-internacional"],"_links":{"self":[{"href":"https:\/\/agridulcenoticias.com\/index.php\/wp-json\/wp\/v2\/posts\/3326","targetHints":{"allow":["GET"]}}],"collection":[{"href":"https:\/\/agridulcenoticias.com\/index.php\/wp-json\/wp\/v2\/posts"}],"about":[{"href":"https:\/\/agridulcenoticias.com\/index.php\/wp-json\/wp\/v2\/types\/post"}],"author":[{"embeddable":true,"href":"https:\/\/agridulcenoticias.com\/index.php\/wp-json\/wp\/v2\/users\/1"}],"replies":[{"embeddable":true,"href":"https:\/\/agridulcenoticias.com\/index.php\/wp-json\/wp\/v2\/comments?post=3326"}],"version-history":[{"count":1,"href":"https:\/\/agridulcenoticias.com\/index.php\/wp-json\/wp\/v2\/posts\/3326\/revisions"}],"predecessor-version":[{"id":3328,"href":"https:\/\/agridulcenoticias.com\/index.php\/wp-json\/wp\/v2\/posts\/3326\/revisions\/3328"}],"wp:featuredmedia":[{"embeddable":true,"href":"https:\/\/agridulcenoticias.com\/index.php\/wp-json\/wp\/v2\/media\/3327"}],"wp:attachment":[{"href":"https:\/\/agridulcenoticias.com\/index.php\/wp-json\/wp\/v2\/media?parent=3326"}],"wp:term":[{"taxonomy":"category","embeddable":true,"href":"https:\/\/agridulcenoticias.com\/index.php\/wp-json\/wp\/v2\/categories?post=3326"},{"taxonomy":"post_tag","embeddable":true,"href":"https:\/\/agridulcenoticias.com\/index.php\/wp-json\/wp\/v2\/tags?post=3326"}],"curies":[{"name":"wp","href":"https:\/\/api.w.org\/{rel}","templated":true}]}}