{"id":3342,"date":"2025-12-08T22:54:00","date_gmt":"2025-12-09T04:54:00","guid":{"rendered":"https:\/\/agridulcenoticias.com\/?p=3342"},"modified":"2025-12-09T10:56:45","modified_gmt":"2025-12-09T16:56:45","slug":"el-monterrey-confirma-que-sergio-ramos-no-volvera-al-equipo-para-el-2026","status":"publish","type":"post","link":"https:\/\/agridulcenoticias.com\/index.php\/2025\/12\/08\/el-monterrey-confirma-que-sergio-ramos-no-volvera-al-equipo-para-el-2026\/","title":{"rendered":"El Monterrey confirma que Sergio Ramos no volver\u00e1 al equipo para el 2026"},"content":{"rendered":"\n<p><a><\/a>Jos\u00e9 Antonio Noriega confirm\u00f3 que Sergio Ramos no seguir\u00e1 con Monterrey para el Clausura 2026, pese a las pl\u00e1ticas para renovarlo<\/p>\n\n\n\n<p>diciembre 8, 2025<\/p>\n\n\n\n<p>Jos\u00e9 Antonio Noriega, presidente deportivo del Monterrey, confirm\u00f3 este lunes que Sergio Ramos, campe\u00f3n del Mundo con Espa\u00f1a en 2010, no volver\u00e1 al equipo para el Clausura 2026.<\/p>\n\n\n\n<p>\u201cLas pl\u00e1ticas estuvieron abiertas para que se quedara, pero siempre vimos una dificultad para que renovara. Nos sorprendi\u00f3 que Sergio lo hiciera saber despu\u00e9s del partido, pero \u00e9l est\u00e1 en su derecho; de todas maneras se iba a saber\u201d, asever\u00f3 el directivo.<\/p>\n\n\n\n<p>El \u00faltimo partido de Sergio Ramos con el Monterrey fue el del pasado domingo en el que los Rayados fueron eliminados en la semifinal del Apertura por el Toluca.<\/p>\n\n\n\n<p>Al final de dichopartido,o el veterano de 39 a\u00f1os dej\u00f3 entrever que esa fue su despedida de los Rayados.<\/p>\n\n\n\n<p>Noriega explic\u00f3 que desde hace semanas intentaron convencer al multicampe\u00f3n con el Real Madrid para que permaneciera en el conjunto el pr\u00f3ximo a\u00f1o, pero que no encontraron disposici\u00f3n para concretarlo<\/p>\n\n\n\n<p>\u201cConversamos con \u00e9l desde tiempo atr\u00e1s y vimos que no hab\u00eda posibilidad de que continuara; sab\u00edamos que el final iba a ser este, aunque nos habr\u00eda gustado darlo a conocer de otra manera\u201d, detall\u00f3 el presidente deportivo.<\/p>\n\n\n\n<p>Sergio Ramos lleg\u00f3 al Monterrey en febrero pasado para convertirse en la estrella m\u00e1s destacada de la liga local.<\/p>\n\n\n\n<p>En dos torneos con el equipo jug\u00f3 23 partidos como titular y anot\u00f3 cinco goles.<\/p>\n\n\n\n<p>En el caso del espa\u00f1ol Sergio Canales, otra de las estrellas de los Rayados, Antonio Noriega se\u00f1al\u00f3 que tiene contrato para permanecer en el equipo.<\/p>\n\n\n\n<p>\u201cCanales es un jugador fundamental que queremos todos en la instituci\u00f3n y de los m\u00e1s queridos entre la afici\u00f3n. Tiene contrato y tiene una extensi\u00f3n que es autom\u00e1tica, porque depende de su rendimiento yestee ha sido sobresaliente. Esperamos que nos siga dando muchas alegr\u00edas\u201d, puntualiz\u00f3.<\/p>\n\n\n\n<p>El directivo tambi\u00e9n despej\u00f3 dudas sobre la permanencia en el banquillo de Domenec Torrent, entrenador espa\u00f1ol, a pesar de la eliminaci\u00f3n sufrida ante Toluca.<\/p>\n\n\n\n<p>\u201cPlaticamos con \u00e9l de c\u00f3mo terminamos el torneo y de lo importante que es dar la vuelta a la p\u00e1gina. No hace falta ratificarlo porque hay un contrato vigente con \u00e9l\u201d, concluy\u00f3.<\/p>\n","protected":false},"excerpt":{"rendered":"<p>Jos\u00e9 Antonio Noriega confirm\u00f3 que Sergio Ramos no seguir\u00e1 con Monterrey para el Clausura 2026,&#8230;<\/p>\n","protected":false},"author":1,"featured_media":3343,"comment_status":"open","ping_status":"closed","sticky":false,"template":"","format":"standard","meta":{"footnotes":""},"categories":[6],"tags":[],"class_list":["post-3342","post","type-post","status-publish","format-standard","has-post-thumbnail","hentry","category-deportes"],"_links":{"self":[{"href":"https:\/\/agridulcenoticias.com\/index.php\/wp-json\/wp\/v2\/posts\/3342","targetHints":{"allow":["GET"]}}],"collection":[{"href":"https:\/\/agridulcenoticias.com\/index.php\/wp-json\/wp\/v2\/posts"}],"about":[{"href":"https:\/\/agridulcenoticias.com\/index.php\/wp-json\/wp\/v2\/types\/post"}],"author":[{"embeddable":true,"href":"https:\/\/agridulcenoticias.com\/index.php\/wp-json\/wp\/v2\/users\/1"}],"replies":[{"embeddable":true,"href":"https:\/\/agridulcenoticias.com\/index.php\/wp-json\/wp\/v2\/comments?post=3342"}],"version-history":[{"count":1,"href":"https:\/\/agridulcenoticias.com\/index.php\/wp-json\/wp\/v2\/posts\/3342\/revisions"}],"predecessor-version":[{"id":3344,"href":"https:\/\/agridulcenoticias.com\/index.php\/wp-json\/wp\/v2\/posts\/3342\/revisions\/3344"}],"wp:featuredmedia":[{"embeddable":true,"href":"https:\/\/agridulcenoticias.com\/index.php\/wp-json\/wp\/v2\/media\/3343"}],"wp:attachment":[{"href":"https:\/\/agridulcenoticias.com\/index.php\/wp-json\/wp\/v2\/media?parent=3342"}],"wp:term":[{"taxonomy":"category","embeddable":true,"href":"https:\/\/agridulcenoticias.com\/index.php\/wp-json\/wp\/v2\/categories?post=3342"},{"taxonomy":"post_tag","embeddable":true,"href":"https:\/\/agridulcenoticias.com\/index.php\/wp-json\/wp\/v2\/tags?post=3342"}],"curies":[{"name":"wp","href":"https:\/\/api.w.org\/{rel}","templated":true}]}}