{"id":3351,"date":"2025-12-08T23:00:00","date_gmt":"2025-12-09T05:00:00","guid":{"rendered":"https:\/\/agridulcenoticias.com\/?p=3351"},"modified":"2025-12-09T11:06:07","modified_gmt":"2025-12-09T17:06:07","slug":"reconocen-acosos-sexuales-y-violencia-en-el-cetis-109","status":"publish","type":"post","link":"https:\/\/agridulcenoticias.com\/index.php\/2025\/12\/08\/reconocen-acosos-sexuales-y-violencia-en-el-cetis-109\/","title":{"rendered":"Reconocen acosos sexuales y violencia en el CETis 109"},"content":{"rendered":"\n<p><a><\/a>CD. MADERO, TAMAULIPAS. \u2013 Luego de d\u00edas de tensi\u00f3n, versiones encontradas y creciente molestia entre padres de familia, el CETis 109 finalmente rompi\u00f3 el silencio y emiti\u00f3 un posicionamiento oficial tras las ri\u00f1as entre alumnos y la denuncia contra un maestro por presunto acoso sexual, hechos que han sacudido a la comunidad educativa.<\/p>\n\n\n\n<p>A trav\u00e9s de un comunicado, la direcci\u00f3n del plantel reconoci\u00f3 que los incidentes generaron inquietud, miedo e indignaci\u00f3n, por lo que asegur\u00f3 haber activado protocolos internos \u00fanicamente despu\u00e9s de que la presi\u00f3n social se hizo evidente.<\/p>\n\n\n\n<p>El director del CETis 109, Jorge Vlad\u00edmir L\u00f3pez Beltr\u00e1n, inform\u00f3 que tras las peleas entre estudiantes se aplicaron medidas como mayor vigilancia, atenci\u00f3n psicol\u00f3gica a los involucrados y sanciones disciplinarias, reiterando una pol\u00edtica de \u201ccero tolerancia\u201d a la violencia; sin embargo, padres cuestionan por qu\u00e9 estas acciones no se implementaron antes de que los conflictos escalaran.<\/p>\n\n\n\n<p>Maestro separado por presunto acoso.<\/p>\n\n\n\n<p>El caso m\u00e1s grave es la denuncia contra un docente por presunto acoso sexual, situaci\u00f3n que desat\u00f3 alarma total entre las familias. La instituci\u00f3n confirm\u00f3 que el maestro fue separado temporalmente de su cargo, pero no precis\u00f3 desde cu\u00e1ndo ocurrieron los hechos ni por qu\u00e9 no se actu\u00f3 con mayor prontitud.<\/p>\n\n\n\n<p>El plantel inform\u00f3 que el caso fue turnado a la DGETI y que existe colaboraci\u00f3n con la Procuradur\u00eda del DIF, mientras que la alumna denunciante recibe acompa\u00f1amiento psicol\u00f3gico y protecci\u00f3n, asegurando que no ser\u00e1 revictimizada.<\/p>\n\n\n\n<p>A pesar del anuncio oficial, padres de familia consideran que la respuesta del CETis 109 lleg\u00f3 tarde, pues se\u00f1alan que ya exist\u00edan antecedentes de conflictos, reportes internos y advertencias ignoradas.<\/p>\n\n\n\n<p>DESCONFIANZA, MIEDO Y EXIGENCIA DE JUSTICIA<\/p>\n\n\n\n<p>Aunque la escuela afirm\u00f3 que intensificar\u00e1 campa\u00f1as de cultura de paz y reforzar\u00e1 la supervisi\u00f3n, la comunidad exige acciones reales, no solo comunicados, pues aseguran que hoy existe miedo, desconfianza y enojo entre estudiantes y padres.<\/p>\n\n\n\n<p>\u201cQueremos hechos, no discursos. Aqu\u00ed hay una menor afectada, hay peleas constantes y nadie hizo nada hasta que esto explot\u00f3\u201d, reclamaron tutores.<\/p>\n\n\n\n<p>El caso queda ahora en manos de las autoridades educativas y legales, mientras el CETis 109 enfrenta una de las crisis m\u00e1s graves de su historia reciente, con su credibilidad seriamente cuestionada.<\/p>\n","protected":false},"excerpt":{"rendered":"<p>CD. MADERO, TAMAULIPAS. \u2013 Luego de d\u00edas de tensi\u00f3n, versiones encontradas y creciente molestia entre&#8230;<\/p>\n","protected":false},"author":1,"featured_media":3352,"comment_status":"open","ping_status":"closed","sticky":false,"template":"","format":"standard","meta":{"footnotes":""},"categories":[3],"tags":[],"class_list":["post-3351","post","type-post","status-publish","format-standard","has-post-thumbnail","hentry","category-madero"],"_links":{"self":[{"href":"https:\/\/agridulcenoticias.com\/index.php\/wp-json\/wp\/v2\/posts\/3351","targetHints":{"allow":["GET"]}}],"collection":[{"href":"https:\/\/agridulcenoticias.com\/index.php\/wp-json\/wp\/v2\/posts"}],"about":[{"href":"https:\/\/agridulcenoticias.com\/index.php\/wp-json\/wp\/v2\/types\/post"}],"author":[{"embeddable":true,"href":"https:\/\/agridulcenoticias.com\/index.php\/wp-json\/wp\/v2\/users\/1"}],"replies":[{"embeddable":true,"href":"https:\/\/agridulcenoticias.com\/index.php\/wp-json\/wp\/v2\/comments?post=3351"}],"version-history":[{"count":1,"href":"https:\/\/agridulcenoticias.com\/index.php\/wp-json\/wp\/v2\/posts\/3351\/revisions"}],"predecessor-version":[{"id":3353,"href":"https:\/\/agridulcenoticias.com\/index.php\/wp-json\/wp\/v2\/posts\/3351\/revisions\/3353"}],"wp:featuredmedia":[{"embeddable":true,"href":"https:\/\/agridulcenoticias.com\/index.php\/wp-json\/wp\/v2\/media\/3352"}],"wp:attachment":[{"href":"https:\/\/agridulcenoticias.com\/index.php\/wp-json\/wp\/v2\/media?parent=3351"}],"wp:term":[{"taxonomy":"category","embeddable":true,"href":"https:\/\/agridulcenoticias.com\/index.php\/wp-json\/wp\/v2\/categories?post=3351"},{"taxonomy":"post_tag","embeddable":true,"href":"https:\/\/agridulcenoticias.com\/index.php\/wp-json\/wp\/v2\/tags?post=3351"}],"curies":[{"name":"wp","href":"https:\/\/api.w.org\/{rel}","templated":true}]}}